


{"id":65,"date":"2017-09-24T19:40:20","date_gmt":"2017-09-24T19:40:20","guid":{"rendered":"http:\/\/multiblog.educacion.navarra.es\/zefirotorna\/?p=65"},"modified":"2017-09-26T08:57:38","modified_gmt":"2017-09-26T08:57:38","slug":"la-melodia-perfil-y-ambito","status":"publish","type":"post","link":"https:\/\/multiblog.educacion.navarra.es\/zefirotorna\/2017\/09\/24\/la-melodia-perfil-y-ambito\/","title":{"rendered":"1. La melod\u00eda. Perfil y \u00e1mbito"},"content":{"rendered":"<p>Podemos decir que una melod\u00eda es una sucesi\u00f3n de notas de diferentes alturas y duraciones organizadas de manera que tengan un sentido musical. Algunos rasgos mel\u00f3dicos son:<\/p>\n<p>a.- El contorno o perfil (ascenso, descenso).<br \/>\nb.- El \u00e1mbito (estrecho, medio, amplio).<br \/>\nc.- El movimiento (pasos -grados conjuntos-, saltos).<br \/>\nd.- La estructura (repetici\u00f3n, variaci\u00f3n de motivos\u2026).<br \/>\ne.- El fraseo.<\/p>\n<p>Veamos dos ejemplos de movimientos por pasos y \u00e1mbito estrecho, el primero, y de movimiento por saltos y \u00e1mbito amplio, el segundo.<\/p>\n<p><iframe loading=\"lazy\" width=\"640\" height=\"360\" src=\"https:\/\/www.youtube.com\/embed\/Q6kneP9P5vQ?feature=oembed\" frameborder=\"0\" allowfullscreen><\/iframe><\/p>\n<p><iframe loading=\"lazy\" width=\"640\" height=\"360\" src=\"https:\/\/www.youtube.com\/embed\/ckuUq7im8H4?feature=oembed\" frameborder=\"0\" allowfullscreen><\/iframe><\/p>\n","protected":false},"excerpt":{"rendered":"<p>Podemos decir que una melod\u00eda es una sucesi\u00f3n de notas de diferentes alturas y duraciones organizadas de manera que tengan un sentido musical. Algunos rasgos mel\u00f3dicos son: a.- El contorno o perfil (ascenso, descenso). b.- El \u00e1mbito (estrecho, medio, amplio). &hellip; <a href=\"https:\/\/multiblog.educacion.navarra.es\/zefirotorna\/2017\/09\/24\/la-melodia-perfil-y-ambito\/\">Sigue leyendo <span class=\"meta-nav\">&rarr;<\/span><\/a><\/p>\n","protected":false},"author":226,"featured_media":0,"comment_status":"open","ping_status":"open","sticky":false,"template":"","format":"standard","meta":[],"categories":[627],"tags":[],"_links":{"self":[{"href":"https:\/\/multiblog.educacion.navarra.es\/zefirotorna\/wp-json\/wp\/v2\/posts\/65"}],"collection":[{"href":"https:\/\/multiblog.educacion.navarra.es\/zefirotorna\/wp-json\/wp\/v2\/posts"}],"about":[{"href":"https:\/\/multiblog.educacion.navarra.es\/zefirotorna\/wp-json\/wp\/v2\/types\/post"}],"author":[{"embeddable":true,"href":"https:\/\/multiblog.educacion.navarra.es\/zefirotorna\/wp-json\/wp\/v2\/users\/226"}],"replies":[{"embeddable":true,"href":"https:\/\/multiblog.educacion.navarra.es\/zefirotorna\/wp-json\/wp\/v2\/comments?post=65"}],"version-history":[{"count":0,"href":"https:\/\/multiblog.educacion.navarra.es\/zefirotorna\/wp-json\/wp\/v2\/posts\/65\/revisions"}],"wp:attachment":[{"href":"https:\/\/multiblog.educacion.navarra.es\/zefirotorna\/wp-json\/wp\/v2\/media?parent=65"}],"wp:term":[{"taxonomy":"category","embeddable":true,"href":"https:\/\/multiblog.educacion.navarra.es\/zefirotorna\/wp-json\/wp\/v2\/categories?post=65"},{"taxonomy":"post_tag","embeddable":true,"href":"https:\/\/multiblog.educacion.navarra.es\/zefirotorna\/wp-json\/wp\/v2\/tags?post=65"}],"curies":[{"name":"wp","href":"https:\/\/api.w.org\/{rel}","templated":true}]}}