


{"id":88,"date":"2010-05-12T11:16:00","date_gmt":"2010-05-12T11:16:00","guid":{"rendered":"http:\/\/multiblog.educacion.navarra.es\/metayosa\/2010\/05\/12\/el-volcn-islands\/"},"modified":"2011-10-10T07:53:42","modified_gmt":"2011-10-10T07:53:42","slug":"el-volcn-islands","status":"publish","type":"post","link":"https:\/\/multiblog.educacion.navarra.es\/metayosa\/2010\/05\/12\/el-volcn-islands\/","title":{"rendered":"El volc&aacute;n island&eacute;s"},"content":{"rendered":"<p><a href=\"http:\/\/inapcache.boston.com\/universal\/site_graphics\/blogs\/bigpicture\/eyja_04_19\/e07_23050557.jpg\"><img loading=\"lazy\" src=\"http:\/\/inapcache.boston.com\/universal\/site_graphics\/blogs\/bigpicture\/eyja_04_19\/e07_23050557.jpg\" alt=\"\" width=\"640\" height=\"311\" \/><\/a> El volc\u00e1n Eyjafjallajokull, de 1666 metros de altitud, est\u00e1 situado entre dos glaciares en el sur de Islandia. El cr\u00e1ter del estratovolc\u00e1n tiene un di\u00e1metro de entre 3 y 4 kil\u00f3metros y el glaciar cubre un \u00e1rea de unos 100 km\u00b2. La anterior erupci\u00f3n volc\u00e1nica ocurri\u00f3 en 1821. El temor es que entre en erupci\u00f3n el volc\u00e1n pr\u00f3ximo, Katla, que ha &#8220;despertado&#8221; conjuntamante en varias ocasiones. Hoy por hoy, contin\u00faa la actividad explosiva del volc\u00e1n, con columnas piropl\u00e1sticas compuestas de gases y cenizas que alcanzan los 6 y 7 kil\u00f3metros de altura, que han ocasionado una &#8220;amplia dispersi\u00f3n&#8221; de cenizas al este y al sureste del volc\u00e1n. Estas sucesivas cenizas han ido recubriendo el glaciar de la cumbre del volc\u00e1n, por lo que casi toda la superficie presenta color negro.\\r\\nNos brinda una buena oportunidad de trabajar con el vulcanismo y las repercusiones que puede tener. Hay que recordar que la hip\u00f3tesis que m\u00e1s fuerza parece tener para explicar la extinci\u00f3n de los dinosaurios es la del choque del meteorito. Experimentamos que es dif\u00edcil de entender la repercusi\u00f3n que un fen\u00f3meno de este tipo puede representar, no s\u00f3lo localmente sino a nivel global, en el clima y en la fauna y flora y, ahora podemos verlo.Disfruta de las im\u00e1genes que nos brinda.<\/p>\n<p><a href=\"http:\/\/es.wikipedia.org\/wiki\/Erupci\u00f3n_del_Eyjafjallaj\u00f6kull_de_2010\">http:\/\/es.wikipedia.org\/wiki\/Erupci\u00f3n_del_Eyjafjallaj\u00f6kull_de_2010<\/a><\/p>\n","protected":false},"excerpt":{"rendered":"<p>El volc\u00e1n Eyjafjallajokull, de 1666 metros de altitud, est\u00e1 situado entre dos glaciares en el sur de Islandia. El cr\u00e1ter del estratovolc\u00e1n tiene un di\u00e1metro de entre 3 y 4 kil\u00f3metros y el glaciar cubre un \u00e1rea de unos 100 km\u00b2. La anterior erupci\u00f3n volc\u00e1nica ocurri\u00f3 en 1821. El temor es que entre en erupci\u00f3n <a href='https:\/\/multiblog.educacion.navarra.es\/metayosa\/2010\/05\/12\/el-volcn-islands\/' class='excerpt-more'>[&#8230;]<\/a><\/p>\n","protected":false},"author":181,"featured_media":0,"comment_status":"open","ping_status":"open","sticky":false,"template":"","format":"standard","meta":[],"categories":[13553],"tags":[],"_links":{"self":[{"href":"https:\/\/multiblog.educacion.navarra.es\/metayosa\/wp-json\/wp\/v2\/posts\/88"}],"collection":[{"href":"https:\/\/multiblog.educacion.navarra.es\/metayosa\/wp-json\/wp\/v2\/posts"}],"about":[{"href":"https:\/\/multiblog.educacion.navarra.es\/metayosa\/wp-json\/wp\/v2\/types\/post"}],"author":[{"embeddable":true,"href":"https:\/\/multiblog.educacion.navarra.es\/metayosa\/wp-json\/wp\/v2\/users\/181"}],"replies":[{"embeddable":true,"href":"https:\/\/multiblog.educacion.navarra.es\/metayosa\/wp-json\/wp\/v2\/comments?post=88"}],"version-history":[{"count":0,"href":"https:\/\/multiblog.educacion.navarra.es\/metayosa\/wp-json\/wp\/v2\/posts\/88\/revisions"}],"wp:attachment":[{"href":"https:\/\/multiblog.educacion.navarra.es\/metayosa\/wp-json\/wp\/v2\/media?parent=88"}],"wp:term":[{"taxonomy":"category","embeddable":true,"href":"https:\/\/multiblog.educacion.navarra.es\/metayosa\/wp-json\/wp\/v2\/categories?post=88"},{"taxonomy":"post_tag","embeddable":true,"href":"https:\/\/multiblog.educacion.navarra.es\/metayosa\/wp-json\/wp\/v2\/tags?post=88"}],"curies":[{"name":"wp","href":"https:\/\/api.w.org\/{rel}","templated":true}]}}