


{"id":605,"date":"2012-08-23T10:29:33","date_gmt":"2012-08-23T10:29:33","guid":{"rendered":"http:\/\/multiblog.educacion.navarra.es\/metayosa\/?p=605"},"modified":"2012-08-23T10:31:59","modified_gmt":"2012-08-23T10:31:59","slug":"los-incendios-forestales","status":"publish","type":"post","link":"https:\/\/multiblog.educacion.navarra.es\/metayosa\/2012\/08\/23\/los-incendios-forestales\/","title":{"rendered":"Los incendios forestales"},"content":{"rendered":"<p>Como todos los a\u00f1os, con el verano llegaron desgraciadamente los incendios forestales. Este a\u00f1o destaca desgraciadamente el de La Gomera, por su extensi\u00f3n, duraci\u00f3n y porque se acababa de estrenar como <a href=\"http:\/\/gestion.cabildofuer.es\/fuerteventurabiosfera\/index.php\/component\/content\/article\/53-sultimasnoticias\/344-la-gomera-reserva-de-la-biosfera-qla-isla-ha-obtenido-una-declaracion-de-excelente\">reserva de la Biosfera por la Unesco<\/a>, gracias a su compromiso con la sostenbilidad.<\/p>\n<p>Resultado<\/p>\n<p>M\u00e1s de 4.100 hect\u00e1reas quemadas y una cuarta parte de su poblaci\u00f3n evacuada. El fuego se adentr\u00f3 en el Parque Nacional de Garajonay, la mayor reserva de laurisilva, de especies vegetales del Terciario, en Canarias, arrasando m\u00e1s de 750 hect\u00e1reas. Adem\u00e1s los bi\u00f3logos temen por el da\u00f1o que ha causado el fuego en el palmeral gomero, s\u00edmbolo de la isla, adem\u00e1s de la laurisilva y el monteverde, en el que viven tambi\u00e9n hongos, l\u00edquenes musgo e insectos cuya recuperaci\u00f3n puede ser improbable en un ecosistema tan fr\u00e1gil.<\/p>\n<p>Peores efectos tuvo el incendio del 11 de septiembre de 1984, cuando el fuego envolvi\u00f3 el Roque de Agando y caus\u00f3 la muerte a veinte personas.<\/p>\n<p><strong>Datos de incendios en Espa\u00f1a<\/strong><\/p>\n<ul>\n<li>Coincidiendo con los terribles incendios que se han producido, se lanza el proyecto <a href=\"http:\/\/www.espanaenllamas.es\/\" target=\"_blank\"><strong>Espa\u00f1a en llamas<\/strong><\/a>, un proyecto de la\u00a0<a href=\"http:\/\/www.civio.es\/\" target=\"_blank\">Fundaci\u00f3n Ciudadana Civio<\/a>. Se combinan de los datos de la Base de Datos Nacional de Incendios Forestales (EGIF) que cubre la d\u00e9cada entre 2001 y 2010, con los informes de las brigadas de extinci\u00f3n de incendios, los datos de geolocalizaci\u00f3n de municipios y mapas visuales. Este proyecto ha permitido conocer algunos datos :\n<ul>\n<li>que, en m\u00e1s de la mitad de los incendios,\u00a0 la causa oficial no se conoce sino que queda registrada como \u00absupuesta\u00bben uno de cada cinco incendios ni siquiera se dispone de informaci\u00f3n exacta sobre d\u00f3nde se produjeron los hechos (a veces solo la zona o el municipio).<\/li>\n<li>No hay datos en el 40 y el 60 por ciento de los casos sobre\u00a0<strong> p\u00e9rdidas econ\u00f3micas y coste real de las operaciones de extinci\u00f3n.<\/strong><\/li>\n<li>2005 fue el peor a\u00f1o de la d\u00e9cada ya que ardieron 188.697 hect\u00e1reas, aunque este a\u00f1o podemos batir r\u00e9cords.<\/li>\n<li>El hombre es el principal causante de la mayor\u00eda de los 170.822 incendios ocurridos entre 2001 y 2010. Alrededor del 55 por ciento se iniciaron de manera intencionada.<\/li>\n<\/ul>\n<\/li>\n<\/ul>\n<p><a href=\"http:\/\/multiblog.educacion.navarra.es\/metayosa\/files\/2012\/08\/Espa\u00f1a-en-llamas-Una-d\u00e9cada-de-incendios-forestales.png\"><img loading=\"lazy\" class=\"aligncenter size-medium wp-image-606\" title=\"Espa\u00f1a en llamas - Una d\u00e9cada de incendios forestales\" src=\"http:\/\/multiblog.educacion.navarra.es\/metayosa\/files\/2012\/08\/Espa\u00f1a-en-llamas-Una-d\u00e9cada-de-incendios-forestales-300x226.png\" alt=\"\" width=\"300\" height=\"226\" srcset=\"https:\/\/multiblog.educacion.navarra.es\/metayosa\/files\/2012\/08\/Espa\u00f1a-en-llamas-Una-d\u00e9cada-de-incendios-forestales-300x226.png 300w, https:\/\/multiblog.educacion.navarra.es\/metayosa\/files\/2012\/08\/Espa\u00f1a-en-llamas-Una-d\u00e9cada-de-incendios-forestales.png 707w\" sizes=\"(max-width: 300px) 100vw, 300px\" \/><\/a><\/p>\n<ul>\n<li>Los incendios registrados en Espa\u00f1a desde el 1 de enero al 12 de agosto de 2012 han quemado una superficie total de 139.886 hect\u00e1reas, seg\u00fan datos del\u00a0<a href=\"http:\/\/www.magrama.gob.es\/es\/biodiversidad\/temas\/defensa-contra-incendios-forestales\/estadisticas-de-incendios-forestales\/\" target=\"_blank\"><strong>Ministerio de Agricultura, Alimentaci\u00f3n y Medio Ambiente<\/strong><\/a>. Se trata de una cifra r\u00e9cord, ya que es la m\u00e1s alta de la \u00faltima d\u00e9cada. De hecho, es m\u00e1s del triple que el dato del a\u00f1o en el mismo periodo del a\u00f1o pasado, cuando ardieron unas 40.000 hect\u00e1reas. Esto, sin contar los de La Gomera, Le\u00f3n y Aras, en Navarra. Hasta el d\u00eda 12 de agosto, el Ministerio ha registrado 7.216 conatos (menos de una hect\u00e1rea) y 3.896 incendios (m\u00e1s de una hect\u00e1rea), de los que 24 fueron considerados grandes (m\u00e1s de 24 hect\u00e1reas).<\/li>\n<\/ul>\n<ul>\n<li>La Direcci\u00f3n General de Protecci\u00f3n Civil y Emergencias difunde diariamente un informe de situaci\u00f3n de los incendios forestales que recoge la situaci\u00f3n actual, los medios que intervienen, las zonas afectadas, as\u00ed como el mapa con la previsi\u00f3n del Riesgo Meteorol\u00f3gico de la Agencia Estatal de Meteorolog\u00eda. Este documento se puede consultar en la web: &#8216;<a href=\"http:\/\/www.proteccioncivil.org\/web\/dgpcye\/incendios-forestales\" target=\"_blank\">http:\/\/www.proteccioncivil.org\/web\/dgpcye\/incendios-forestales<\/a>&#8216;<\/li>\n<\/ul>\n<ul>\n<li><a href=\"http:\/\/www.magrama.gob.es\/es\/biodiversidad\/temas\/defensa-contra-incendios-forestales\/estadisticas-de-incendios-forestales\/\">Estad\u00edsticas del Ministerio<\/a><\/li>\n<\/ul>\n<p><strong>En el mundo<\/strong><\/p>\n<p>As\u00ed est\u00e1 el mundo ahora mismo y en <a href=\"http:\/\/lance-modis.eosdis.nasa.gov\/imagery\/firemaps\/\">este enlace<\/a> lo puedes seguir cada minuto<\/p>\n<p><a href=\"http:\/\/lance-modis.eosdis.nasa.gov\/imagery\/firemaps\/firemap.2012221-2012230.2048x1024.jpg\"><img loading=\"lazy\" class=\"aligncenter\" title=\"Incendios en el mundo\" src=\"http:\/\/lance-modis.eosdis.nasa.gov\/imagery\/firemaps\/firemap.2012221-2012230.2048x1024.jpg\" alt=\"\" width=\"704\" height=\"352\" \/><\/a><\/p>\n","protected":false},"excerpt":{"rendered":"<p>Como todos los a\u00f1os, con el verano llegaron desgraciadamente los incendios forestales. Este a\u00f1o destaca desgraciadamente el de La Gomera, por su extensi\u00f3n, duraci\u00f3n y porque se acababa de estrenar como reserva de la Biosfera por la Unesco, gracias a su compromiso con la sostenbilidad. Resultado M\u00e1s de 4.100 hect\u00e1reas quemadas y una cuarta parte <a href='https:\/\/multiblog.educacion.navarra.es\/metayosa\/2012\/08\/23\/los-incendios-forestales\/' class='excerpt-more'>[&#8230;]<\/a><\/p>\n","protected":false},"author":181,"featured_media":0,"comment_status":"open","ping_status":"open","sticky":false,"template":"","format":"standard","meta":[],"categories":[13584,13603,13581,13600],"tags":[42233,24320,84,13632],"_links":{"self":[{"href":"https:\/\/multiblog.educacion.navarra.es\/metayosa\/wp-json\/wp\/v2\/posts\/605"}],"collection":[{"href":"https:\/\/multiblog.educacion.navarra.es\/metayosa\/wp-json\/wp\/v2\/posts"}],"about":[{"href":"https:\/\/multiblog.educacion.navarra.es\/metayosa\/wp-json\/wp\/v2\/types\/post"}],"author":[{"embeddable":true,"href":"https:\/\/multiblog.educacion.navarra.es\/metayosa\/wp-json\/wp\/v2\/users\/181"}],"replies":[{"embeddable":true,"href":"https:\/\/multiblog.educacion.navarra.es\/metayosa\/wp-json\/wp\/v2\/comments?post=605"}],"version-history":[{"count":0,"href":"https:\/\/multiblog.educacion.navarra.es\/metayosa\/wp-json\/wp\/v2\/posts\/605\/revisions"}],"wp:attachment":[{"href":"https:\/\/multiblog.educacion.navarra.es\/metayosa\/wp-json\/wp\/v2\/media?parent=605"}],"wp:term":[{"taxonomy":"category","embeddable":true,"href":"https:\/\/multiblog.educacion.navarra.es\/metayosa\/wp-json\/wp\/v2\/categories?post=605"},{"taxonomy":"post_tag","embeddable":true,"href":"https:\/\/multiblog.educacion.navarra.es\/metayosa\/wp-json\/wp\/v2\/tags?post=605"}],"curies":[{"name":"wp","href":"https:\/\/api.w.org\/{rel}","templated":true}]}}