


{"id":433,"date":"2011-10-24T07:29:18","date_gmt":"2011-10-24T07:29:18","guid":{"rendered":"http:\/\/multiblog.educacion.navarra.es\/metayosa\/?p=433"},"modified":"2011-10-24T07:31:08","modified_gmt":"2011-10-24T07:31:08","slug":"telenatura","status":"publish","type":"post","link":"https:\/\/multiblog.educacion.navarra.es\/metayosa\/2011\/10\/24\/telenatura\/","title":{"rendered":"Telenatura"},"content":{"rendered":"<p>Esta semana en Pamplona tenemos el festival de\u00a0 Telenatura en el Planetario.\u00a0 Puedes ver la programaci\u00f3n en <a title=\"Telenatura\" href=\"http:\/\/www.unav.es\/telenatura\/\">http:\/\/www.unav.es\/telenatura\/.\u00a0 <\/a>Se ver\u00e1n las siguientes pel\u00edculas comentadas por los autores.<\/p>\n<p align=\"justify\"><strong>MARTES 25, 19.30<br \/>\nBosque entre dos mundos, Conexi\u00f3n Salvaje (Espa\u00f1a).<br \/>\n<\/strong>Juan Antonio Rodr\u00edguez-Llano (director) y Juan Antonio Dom\u00ednguez Lerena (productor).<\/p>\n<p align=\"justify\"><strong>MI\u00c9RCOLES 26, 19.30<br \/>\nWild Japan. The wonders of abundant water (Jap\u00f3n).<\/strong><br \/>\nYasuhiro Adachi (director) y Gen Sasaki e Hiromichi Iwasaki (productores)<\/p>\n<p align=\"justify\"><strong>JUEVES 27, 19.30<br \/>\nWild Scandinavia, Norway (Alemania)<\/strong>.<br \/>\nJan Haft (director) y Britta Kiessewetter (productora)<\/p>\n<p align=\"justify\"><strong>VIERNES 28, 19.30<br \/>\nCEREMONIA DE ENTREGA DE PREMIOS<br \/>\n<\/strong>Proyecci\u00f3n de la obra ganadora de Telenatura 2001: Premio Ciudad de Pamplona a la mejor pel\u00edcula del festival.<\/p>\n<p>Se realizan proyecciones para escolares en el <a href=\"http:\/\/www.pamplonetario.org\/index.php?option=com_content&amp;view=article&amp;id=271:2011-telenatura&amp;catid=9:actividades&amp;Itemid=14\">Planetario<\/a>. Tambi\u00e9n video a la carta.<\/p>\n","protected":false},"excerpt":{"rendered":"<p>Esta semana en Pamplona tenemos el festival de\u00a0 Telenatura en el Planetario.\u00a0 Puedes ver la programaci\u00f3n en http:\/\/www.unav.es\/telenatura\/.\u00a0 Se ver\u00e1n las siguientes pel\u00edculas comentadas por los autores. MARTES 25, 19.30 Bosque entre dos mundos, Conexi\u00f3n Salvaje (Espa\u00f1a). Juan Antonio Rodr\u00edguez-Llano (director) y Juan Antonio Dom\u00ednguez Lerena (productor). MI\u00c9RCOLES 26, 19.30 Wild Japan. The wonders of <a href='https:\/\/multiblog.educacion.navarra.es\/metayosa\/2011\/10\/24\/telenatura\/' class='excerpt-more'>[&#8230;]<\/a><\/p>\n","protected":false},"author":181,"featured_media":0,"comment_status":"open","ping_status":"open","sticky":false,"template":"","format":"standard","meta":[],"categories":[13574],"tags":[9024,17079],"_links":{"self":[{"href":"https:\/\/multiblog.educacion.navarra.es\/metayosa\/wp-json\/wp\/v2\/posts\/433"}],"collection":[{"href":"https:\/\/multiblog.educacion.navarra.es\/metayosa\/wp-json\/wp\/v2\/posts"}],"about":[{"href":"https:\/\/multiblog.educacion.navarra.es\/metayosa\/wp-json\/wp\/v2\/types\/post"}],"author":[{"embeddable":true,"href":"https:\/\/multiblog.educacion.navarra.es\/metayosa\/wp-json\/wp\/v2\/users\/181"}],"replies":[{"embeddable":true,"href":"https:\/\/multiblog.educacion.navarra.es\/metayosa\/wp-json\/wp\/v2\/comments?post=433"}],"version-history":[{"count":0,"href":"https:\/\/multiblog.educacion.navarra.es\/metayosa\/wp-json\/wp\/v2\/posts\/433\/revisions"}],"wp:attachment":[{"href":"https:\/\/multiblog.educacion.navarra.es\/metayosa\/wp-json\/wp\/v2\/media?parent=433"}],"wp:term":[{"taxonomy":"category","embeddable":true,"href":"https:\/\/multiblog.educacion.navarra.es\/metayosa\/wp-json\/wp\/v2\/categories?post=433"},{"taxonomy":"post_tag","embeddable":true,"href":"https:\/\/multiblog.educacion.navarra.es\/metayosa\/wp-json\/wp\/v2\/tags?post=433"}],"curies":[{"name":"wp","href":"https:\/\/api.w.org\/{rel}","templated":true}]}}