


{"id":415,"date":"2011-09-24T11:31:31","date_gmt":"2011-09-24T11:31:31","guid":{"rendered":"http:\/\/multiblog.educacion.navarra.es\/metayosa\/?p=415"},"modified":"2011-09-24T11:31:31","modified_gmt":"2011-09-24T11:31:31","slug":"el-agujero-de-la-capa-de-ozono","status":"publish","type":"post","link":"https:\/\/multiblog.educacion.navarra.es\/metayosa\/2011\/09\/24\/el-agujero-de-la-capa-de-ozono\/","title":{"rendered":"El agujero de la capa de ozono"},"content":{"rendered":"<p>La Nasa tiene una\u00a0<a href=\"http:\/\/ozonewatch.gsfc.nasa.gov\/\">p\u00e1gina web<\/a>\u00a0desde la que se puede seguir la evoluci\u00f3n diaria del agujero de la capa de ozono. Las zonas azules y p\u00farpuras representan el \u00e1rea en la que existe una menor cantidad de ozono en la atm\u00f3sfera.<a href=\"http:\/\/multiblog.educacion.navarra.es\/metayosa\/files\/2011\/09\/Captura-de-pantalla-2011-09-24-a-las-13.29.26.png\"><img loading=\"lazy\" class=\"aligncenter size-medium wp-image-417\" src=\"http:\/\/multiblog.educacion.navarra.es\/metayosa\/files\/2011\/09\/Captura-de-pantalla-2011-09-24-a-las-13.29.26-300x187.png\" alt=\"\" width=\"300\" height=\"187\" srcset=\"https:\/\/multiblog.educacion.navarra.es\/metayosa\/files\/2011\/09\/Captura-de-pantalla-2011-09-24-a-las-13.29.26-300x187.png 300w, https:\/\/multiblog.educacion.navarra.es\/metayosa\/files\/2011\/09\/Captura-de-pantalla-2011-09-24-a-las-13.29.26-1024x640.png 1024w, https:\/\/multiblog.educacion.navarra.es\/metayosa\/files\/2011\/09\/Captura-de-pantalla-2011-09-24-a-las-13.29.26.png 1280w\" sizes=\"(max-width: 300px) 100vw, 300px\" \/><\/a><\/p>\n<p>&nbsp;<\/p>\n","protected":false},"excerpt":{"rendered":"<p>La Nasa tiene una\u00a0p\u00e1gina web\u00a0desde la que se puede seguir la evoluci\u00f3n diaria del agujero de la capa de ozono. Las zonas azules y p\u00farpuras representan el \u00e1rea en la que existe una menor cantidad de ozono en la atm\u00f3sfera. &nbsp;<\/p>\n","protected":false},"author":181,"featured_media":0,"comment_status":"open","ping_status":"open","sticky":false,"template":"","format":"standard","meta":[],"categories":[829,13600],"tags":[17069],"_links":{"self":[{"href":"https:\/\/multiblog.educacion.navarra.es\/metayosa\/wp-json\/wp\/v2\/posts\/415"}],"collection":[{"href":"https:\/\/multiblog.educacion.navarra.es\/metayosa\/wp-json\/wp\/v2\/posts"}],"about":[{"href":"https:\/\/multiblog.educacion.navarra.es\/metayosa\/wp-json\/wp\/v2\/types\/post"}],"author":[{"embeddable":true,"href":"https:\/\/multiblog.educacion.navarra.es\/metayosa\/wp-json\/wp\/v2\/users\/181"}],"replies":[{"embeddable":true,"href":"https:\/\/multiblog.educacion.navarra.es\/metayosa\/wp-json\/wp\/v2\/comments?post=415"}],"version-history":[{"count":0,"href":"https:\/\/multiblog.educacion.navarra.es\/metayosa\/wp-json\/wp\/v2\/posts\/415\/revisions"}],"wp:attachment":[{"href":"https:\/\/multiblog.educacion.navarra.es\/metayosa\/wp-json\/wp\/v2\/media?parent=415"}],"wp:term":[{"taxonomy":"category","embeddable":true,"href":"https:\/\/multiblog.educacion.navarra.es\/metayosa\/wp-json\/wp\/v2\/categories?post=415"},{"taxonomy":"post_tag","embeddable":true,"href":"https:\/\/multiblog.educacion.navarra.es\/metayosa\/wp-json\/wp\/v2\/tags?post=415"}],"curies":[{"name":"wp","href":"https:\/\/api.w.org\/{rel}","templated":true}]}}