


{"id":381,"date":"2010-11-12T16:57:44","date_gmt":"2010-11-12T16:57:44","guid":{"rendered":"http:\/\/multiblog.educacion.navarra.es\/metayosa\/?p=381"},"modified":"2011-06-01T17:12:57","modified_gmt":"2011-06-01T17:12:57","slug":"la-paralisis-cerebral","status":"publish","type":"post","link":"https:\/\/multiblog.educacion.navarra.es\/metayosa\/2010\/11\/12\/la-paralisis-cerebral\/","title":{"rendered":"La par\u00e1lisis cerebral"},"content":{"rendered":"<p>Olatz y Ferm\u00edn han preparado esta presentaci\u00f3n para explicaros qu\u00e9 es, que tipos hay y daros unas pautas: no quieren ser tratados de una forma especial.<br \/>\n<iframe src=\"https:\/\/www.slideshare.net\/slideshow\/embed_code\/8175909\" width=\"640\" height=\"519\" frameborder=\"0\" marginwidth=\"0\" marginheight=\"0\" scrolling=\"no\"><\/iframe><br\/><\/p>\n","protected":false},"excerpt":{"rendered":"<p>Olatz y Ferm\u00edn han preparado esta presentaci\u00f3n para explicaros qu\u00e9 es, que tipos hay y daros unas pautas: no quieren ser tratados de una forma especial.<\/p>\n","protected":false},"author":181,"featured_media":0,"comment_status":"open","ping_status":"open","sticky":false,"template":"","format":"standard","meta":[],"categories":[13553],"tags":[17055],"_links":{"self":[{"href":"https:\/\/multiblog.educacion.navarra.es\/metayosa\/wp-json\/wp\/v2\/posts\/381"}],"collection":[{"href":"https:\/\/multiblog.educacion.navarra.es\/metayosa\/wp-json\/wp\/v2\/posts"}],"about":[{"href":"https:\/\/multiblog.educacion.navarra.es\/metayosa\/wp-json\/wp\/v2\/types\/post"}],"author":[{"embeddable":true,"href":"https:\/\/multiblog.educacion.navarra.es\/metayosa\/wp-json\/wp\/v2\/users\/181"}],"replies":[{"embeddable":true,"href":"https:\/\/multiblog.educacion.navarra.es\/metayosa\/wp-json\/wp\/v2\/comments?post=381"}],"version-history":[{"count":0,"href":"https:\/\/multiblog.educacion.navarra.es\/metayosa\/wp-json\/wp\/v2\/posts\/381\/revisions"}],"wp:attachment":[{"href":"https:\/\/multiblog.educacion.navarra.es\/metayosa\/wp-json\/wp\/v2\/media?parent=381"}],"wp:term":[{"taxonomy":"category","embeddable":true,"href":"https:\/\/multiblog.educacion.navarra.es\/metayosa\/wp-json\/wp\/v2\/categories?post=381"},{"taxonomy":"post_tag","embeddable":true,"href":"https:\/\/multiblog.educacion.navarra.es\/metayosa\/wp-json\/wp\/v2\/tags?post=381"}],"curies":[{"name":"wp","href":"https:\/\/api.w.org\/{rel}","templated":true}]}}