


{"id":177,"date":"2011-01-13T08:53:14","date_gmt":"2011-01-13T08:53:14","guid":{"rendered":"http:\/\/multiblog.educacion.navarra.es\/metayosa\/?p=177"},"modified":"2011-01-13T08:53:14","modified_gmt":"2011-01-13T08:53:14","slug":"2011-el-ano-de-los-bosques","status":"publish","type":"post","link":"https:\/\/multiblog.educacion.navarra.es\/metayosa\/2011\/01\/13\/2011-el-ano-de-los-bosques\/","title":{"rendered":"2011, el a\u00f1o de los bosques"},"content":{"rendered":"<p>La Asamblea General de las Naciones Unidas ha declarado 2011 como A\u00f1o Internacional de los Bosques al reconocer que estos ecosistemas y su ordenaci\u00f3n sostenible contribuyen &#8220;significativamente&#8221; al desarrollo, la erradicaci\u00f3n de la pobreza y el logro de los objetivos de desarrollo del Milenio.<br \/>\nLos bosques representan m\u00e1s del 30 por ciento del territorio mundial y contienen el 80 por ciento de la biodiversidad del planeta pero pierden anualmente unos trece millones de hect\u00e1reas, una superficie equivalente a la cuarta parte de la pen\u00ednsula ib\u00e9rica, seg\u00fan la FAO.<\/p>\n<p>Las causas de su deterioro son antr\u00f3picas, provocadas por los seres humanos:<br \/>\n1. Sobreexplotaci\u00f3n y tala ilegal,<br \/>\n2. La conversi\u00f3n a tierras agr\u00edcolas y ganaderas. Los bosques tropicales tienen suelos con pocos nutrientes, debido a su reciclaje, por lo que despu\u00e9s de unos a\u00f1os de asentamiento, buscan los campesinos otro lugar. Lo mismo ocurre con las explotaciones ganaderas, con rendimiento menor al de las zonas templadas.<br \/>\n3. Recolecci\u00f3n insostenible de madera: los gobiernos conceden su uso a empresas extranjeras que extraen los \u00e1rboles de mayor valor econ\u00f3mico, como caoba, abriendo para ello carreteras.<br \/>\n<a href=\"http:\/\/multiblog.educacion.navarra.es\/metayosa\/2011\/01\/13\/2011-el-ano-de-los-bosques\/unep_fig2_lg\/\" rel=\"attachment wp-att-178\"><img loading=\"lazy\" src=\"http:\/\/multiblog.educacion.navarra.es\/metayosa\/files\/2011\/01\/unep_fig2_lg-300x214.jpg\" alt=\"\" width=\"300\" height=\"214\" class=\"aligncenter size-medium wp-image-178\" srcset=\"https:\/\/multiblog.educacion.navarra.es\/metayosa\/files\/2011\/01\/unep_fig2_lg-300x214.jpg 300w, https:\/\/multiblog.educacion.navarra.es\/metayosa\/files\/2011\/01\/unep_fig2_lg.jpg 1000w\" sizes=\"(max-width: 300px) 100vw, 300px\" \/><\/a><br \/>\n4. Gesti\u00f3n inadecuada de la tierra,<br \/>\n5. Creaci\u00f3n de asentamientos humanos, explotaciones mineras y petrol\u00edferas.<br \/>\n6. La construcci\u00f3n de embalses y carreteras, entre otras.<\/p>\n<p>Hay que tener en cuenta que la deforestaci\u00f3n es responsable del 20 por ciento de las emisiones mundiales de CO2 a la atm\u00f3sfera. Ya en la Edad Media se hab\u00edan cortado las cuatro quintas partes de los bosques de Europa y en EEUU queda menos de un 5% de los bosques orginales. Las selvas tropicales representan el 30% de los territorios inalterados.<\/p>\n<p>El lema elegido para la campa\u00f1a es &#8220;Los bosques, para las personas&#8221;, ya que 300 millones de personas habitan en ellos, y corren una suerte paralela. Son principalmente pueblos ind\u00edgenas.<br \/>\nYa que estamos en ello, las siguientes palabras de Antonio Machado, nos recuerdan nuestro pasado, vinculado a los bosques:<br \/>\n&#8220;El hombre de estos campos que incendia los pinares y su despojo aguarda como bot\u00edn de guerra, anta\u00f1o hubo ra\u00eddo los negros encinares, talado los robustos robledos de la sierra. Hoy ve a sus pobres hijos huyendo de sus lares; la tempestad llevarse los limos de la tierra por los sagrados r\u00edos hacia los anchos mares; y en p\u00e1ramos malditos, trabaja, sufre y yerra&#8221;<\/p>\n","protected":false},"excerpt":{"rendered":"<p>La Asamblea General de las Naciones Unidas ha declarado 2011 como A\u00f1o Internacional de los Bosques al reconocer que estos ecosistemas y su ordenaci\u00f3n sostenible contribuyen &#8220;significativamente&#8221; al desarrollo, la erradicaci\u00f3n de la pobreza y el logro de los objetivos de desarrollo del Milenio. Los bosques representan m\u00e1s del 30 por ciento del territorio mundial <a href='https:\/\/multiblog.educacion.navarra.es\/metayosa\/2011\/01\/13\/2011-el-ano-de-los-bosques\/' class='excerpt-more'>[&#8230;]<\/a><\/p>\n","protected":false},"author":181,"featured_media":0,"comment_status":"open","ping_status":"open","sticky":false,"template":"","format":"standard","meta":[],"categories":[13553],"tags":[],"_links":{"self":[{"href":"https:\/\/multiblog.educacion.navarra.es\/metayosa\/wp-json\/wp\/v2\/posts\/177"}],"collection":[{"href":"https:\/\/multiblog.educacion.navarra.es\/metayosa\/wp-json\/wp\/v2\/posts"}],"about":[{"href":"https:\/\/multiblog.educacion.navarra.es\/metayosa\/wp-json\/wp\/v2\/types\/post"}],"author":[{"embeddable":true,"href":"https:\/\/multiblog.educacion.navarra.es\/metayosa\/wp-json\/wp\/v2\/users\/181"}],"replies":[{"embeddable":true,"href":"https:\/\/multiblog.educacion.navarra.es\/metayosa\/wp-json\/wp\/v2\/comments?post=177"}],"version-history":[{"count":0,"href":"https:\/\/multiblog.educacion.navarra.es\/metayosa\/wp-json\/wp\/v2\/posts\/177\/revisions"}],"wp:attachment":[{"href":"https:\/\/multiblog.educacion.navarra.es\/metayosa\/wp-json\/wp\/v2\/media?parent=177"}],"wp:term":[{"taxonomy":"category","embeddable":true,"href":"https:\/\/multiblog.educacion.navarra.es\/metayosa\/wp-json\/wp\/v2\/categories?post=177"},{"taxonomy":"post_tag","embeddable":true,"href":"https:\/\/multiblog.educacion.navarra.es\/metayosa\/wp-json\/wp\/v2\/tags?post=177"}],"curies":[{"name":"wp","href":"https:\/\/api.w.org\/{rel}","templated":true}]}}