


{"id":104,"date":"2015-02-26T14:19:49","date_gmt":"2015-02-26T12:19:49","guid":{"rendered":"http:\/\/multiblog.educacion.navarra.es\/lbermejo\/?p=104"},"modified":"2015-02-26T17:49:03","modified_gmt":"2015-02-26T15:49:03","slug":"energia-solar-termica","status":"publish","type":"post","link":"https:\/\/multiblog.educacion.navarra.es\/lbermejo\/2015\/02\/26\/energia-solar-termica\/","title":{"rendered":"Energ\u00eda solar t\u00e9rmica"},"content":{"rendered":"<p>En esta animaci\u00f3n podemos ver el funcionamiento de la Energ\u00eda Solar T\u00e9rmica<\/p>\n<p style=\"text-align: center\"><img loading=\"lazy\" class=\"alignnone\" src=\"http:\/\/renov-arte.es\/images\/generales\/esquemasolar1.jpg\" alt=\"\" width=\"280\" height=\"300\" \/><\/p>\n<p style=\"text-align: center\"><a href=\"\/\/scratch.mit.edu\/projects\/embed\/36009706\/?autostart=false&quot; frameborder=&quot;0&quot; allowfullscreen&gt;&lt;\/iframe&gt;\" target=\"_blank\">\u00a0Animaci\u00f3n<\/a><\/p>\n","protected":false},"excerpt":{"rendered":"<p>En esta animaci\u00f3n podemos ver el funcionamiento de la Energ\u00eda Solar T\u00e9rmica \u00a0Animaci\u00f3n<\/p>\n","protected":false},"author":86,"featured_media":0,"comment_status":"open","ping_status":"open","sticky":false,"template":"","format":"standard","meta":[],"categories":[1],"tags":[],"_links":{"self":[{"href":"https:\/\/multiblog.educacion.navarra.es\/lbermejo\/wp-json\/wp\/v2\/posts\/104"}],"collection":[{"href":"https:\/\/multiblog.educacion.navarra.es\/lbermejo\/wp-json\/wp\/v2\/posts"}],"about":[{"href":"https:\/\/multiblog.educacion.navarra.es\/lbermejo\/wp-json\/wp\/v2\/types\/post"}],"author":[{"embeddable":true,"href":"https:\/\/multiblog.educacion.navarra.es\/lbermejo\/wp-json\/wp\/v2\/users\/86"}],"replies":[{"embeddable":true,"href":"https:\/\/multiblog.educacion.navarra.es\/lbermejo\/wp-json\/wp\/v2\/comments?post=104"}],"version-history":[{"count":0,"href":"https:\/\/multiblog.educacion.navarra.es\/lbermejo\/wp-json\/wp\/v2\/posts\/104\/revisions"}],"wp:attachment":[{"href":"https:\/\/multiblog.educacion.navarra.es\/lbermejo\/wp-json\/wp\/v2\/media?parent=104"}],"wp:term":[{"taxonomy":"category","embeddable":true,"href":"https:\/\/multiblog.educacion.navarra.es\/lbermejo\/wp-json\/wp\/v2\/categories?post=104"},{"taxonomy":"post_tag","embeddable":true,"href":"https:\/\/multiblog.educacion.navarra.es\/lbermejo\/wp-json\/wp\/v2\/tags?post=104"}],"curies":[{"name":"wp","href":"https:\/\/api.w.org\/{rel}","templated":true}]}}