


{"id":912,"date":"2013-12-01T13:48:28","date_gmt":"2013-12-01T12:48:28","guid":{"rendered":"http:\/\/multiblog.educacion.navarra.es\/jmoreno1\/?p=912"},"modified":"2013-12-01T13:48:41","modified_gmt":"2013-12-01T12:48:41","slug":"nuevos-libros-de-ef-de-1o-a-6o","status":"publish","type":"post","link":"https:\/\/multiblog.educacion.navarra.es\/jmoreno1\/2013\/12\/01\/nuevos-libros-de-ef-de-1o-a-6o\/","title":{"rendered":"Nuevos libros de EF de 1\u00ba a 6\u00ba"},"content":{"rendered":"<p>Os coloco el enlace a los nuevos libros de Educaci\u00f3n F\u00edsica que he encontrado. Ya se que no son del territorio nacional pero est\u00e1n bastante bien los retos propuestos. Adem\u00e1s siempre vienen bien y te pueden dar ideas.<\/p>\n<iframe src=\"https:\/\/www.slideshare.net\/slideshow\/embed_code\/9290000\" width=\"625\" height=\"507\" frameborder=\"0\" marginwidth=\"0\" marginheight=\"0\" scrolling=\"no\"><\/iframe><br\/>\n<div style=\"margin-bottom: 5px\"><\/div>\n<div style=\"margin-bottom: 5px\"><strong><a title=\"educacion fisica tercero 2011 a 2012\" href=\"https:\/\/www.slideshare.net\/archivosdelaescuela\/educacion-fisica-tercero-2011-a-2012\" target=\"_blank\">educacion fisica tercero 2011 a 2012<\/a> <\/strong> from <strong><a href=\"http:\/\/www.slideshare.net\/archivosdelaescuela\" target=\"_blank\">archivosdelaescuela<\/a><\/strong><\/div>\n","protected":false},"excerpt":{"rendered":"<p>Os coloco el enlace a los nuevos libros de Educaci\u00f3n F\u00edsica que he encontrado. Ya se que no son del territorio nacional pero est\u00e1n bastante bien los retos propuestos. Adem\u00e1s siempre vienen bien y te pueden dar ideas. educacion fisica tercero 2011 a 2012 from archivosdelaescuela<\/p>\n","protected":false},"author":133,"featured_media":0,"comment_status":"open","ping_status":"open","sticky":false,"template":"","format":"standard","meta":[],"categories":[463],"tags":[30918],"_links":{"self":[{"href":"https:\/\/multiblog.educacion.navarra.es\/jmoreno1\/wp-json\/wp\/v2\/posts\/912"}],"collection":[{"href":"https:\/\/multiblog.educacion.navarra.es\/jmoreno1\/wp-json\/wp\/v2\/posts"}],"about":[{"href":"https:\/\/multiblog.educacion.navarra.es\/jmoreno1\/wp-json\/wp\/v2\/types\/post"}],"author":[{"embeddable":true,"href":"https:\/\/multiblog.educacion.navarra.es\/jmoreno1\/wp-json\/wp\/v2\/users\/133"}],"replies":[{"embeddable":true,"href":"https:\/\/multiblog.educacion.navarra.es\/jmoreno1\/wp-json\/wp\/v2\/comments?post=912"}],"version-history":[{"count":0,"href":"https:\/\/multiblog.educacion.navarra.es\/jmoreno1\/wp-json\/wp\/v2\/posts\/912\/revisions"}],"wp:attachment":[{"href":"https:\/\/multiblog.educacion.navarra.es\/jmoreno1\/wp-json\/wp\/v2\/media?parent=912"}],"wp:term":[{"taxonomy":"category","embeddable":true,"href":"https:\/\/multiblog.educacion.navarra.es\/jmoreno1\/wp-json\/wp\/v2\/categories?post=912"},{"taxonomy":"post_tag","embeddable":true,"href":"https:\/\/multiblog.educacion.navarra.es\/jmoreno1\/wp-json\/wp\/v2\/tags?post=912"}],"curies":[{"name":"wp","href":"https:\/\/api.w.org\/{rel}","templated":true}]}}