


{"id":829,"date":"2013-05-23T13:37:52","date_gmt":"2013-05-23T11:37:52","guid":{"rendered":"http:\/\/multiblog.educacion.navarra.es\/jmoreno1\/?p=829"},"modified":"2013-05-23T15:49:56","modified_gmt":"2013-05-23T13:49:56","slug":"haciendo-presion","status":"publish","type":"post","link":"https:\/\/multiblog.educacion.navarra.es\/jmoreno1\/2013\/05\/23\/haciendo-presion\/","title":{"rendered":"Haciendo presi\u00f3n!!!"},"content":{"rendered":"<p style=\"text-align: justify\"><a href=\"http:\/\/multiblog.educacion.navarra.es\/jmoreno1\/files\/2013\/05\/articulo.pdf\" target=\"_blank\"><img loading=\"lazy\" class=\"alignleft  wp-image-833\" alt=\"foto articulo\" src=\"http:\/\/multiblog.educacion.navarra.es\/jmoreno1\/files\/2013\/05\/foto-articulo.jpg\" width=\"353\" height=\"336\" srcset=\"https:\/\/multiblog.educacion.navarra.es\/jmoreno1\/files\/2013\/05\/foto-articulo.jpg 504w, https:\/\/multiblog.educacion.navarra.es\/jmoreno1\/files\/2013\/05\/foto-articulo-300x285.jpg 300w\" sizes=\"(max-width: 353px) 100vw, 353px\" \/><\/a>Hola a tod@s, os pongo el art\u00edculo que se ha publicado en el Diario de Noticias sobre las horas insuficientes de EF en nuestro\u00a0pa\u00eds. Me pidieron colaboraci\u00f3n para este art\u00edculo y con uno de los mejores docentes de Navarra, <a href=\"http:\/\/multiblog.educacion.navarra.es\/agutierr\/\" target=\"_blank\">Antonio Angel Gutierrez<\/a>, les mandamos un escrito, que aunque no ha sido reproducido en su totalidad, si hace un reflejo fiel de lo dicho al respecto de las horas de EF en nuestro sistema educativo. Os lo reproduzco:<\/p>\n<p style=\"text-align: justify\"><a href=\"http:\/\/multiblog.educacion.navarra.es\/jmoreno1\/files\/2013\/05\/articulo.pdf\">articulo<\/a><\/p>\n<p style=\"text-align: justify\">\n","protected":false},"excerpt":{"rendered":"<p>Hola a tod@s, os pongo el art\u00edculo que se ha publicado en el Diario de Noticias sobre las horas insuficientes de EF en nuestro\u00a0pa\u00eds. Me pidieron colaboraci\u00f3n para este art\u00edculo y con uno de los mejores docentes de Navarra, Antonio Angel Gutierrez, les mandamos un escrito, que aunque no ha sido reproducido en su totalidad, [&hellip;]<\/p>\n","protected":false},"author":133,"featured_media":0,"comment_status":"open","ping_status":"open","sticky":false,"template":"","format":"standard","meta":[],"categories":[754,811],"tags":[39163,497],"_links":{"self":[{"href":"https:\/\/multiblog.educacion.navarra.es\/jmoreno1\/wp-json\/wp\/v2\/posts\/829"}],"collection":[{"href":"https:\/\/multiblog.educacion.navarra.es\/jmoreno1\/wp-json\/wp\/v2\/posts"}],"about":[{"href":"https:\/\/multiblog.educacion.navarra.es\/jmoreno1\/wp-json\/wp\/v2\/types\/post"}],"author":[{"embeddable":true,"href":"https:\/\/multiblog.educacion.navarra.es\/jmoreno1\/wp-json\/wp\/v2\/users\/133"}],"replies":[{"embeddable":true,"href":"https:\/\/multiblog.educacion.navarra.es\/jmoreno1\/wp-json\/wp\/v2\/comments?post=829"}],"version-history":[{"count":0,"href":"https:\/\/multiblog.educacion.navarra.es\/jmoreno1\/wp-json\/wp\/v2\/posts\/829\/revisions"}],"wp:attachment":[{"href":"https:\/\/multiblog.educacion.navarra.es\/jmoreno1\/wp-json\/wp\/v2\/media?parent=829"}],"wp:term":[{"taxonomy":"category","embeddable":true,"href":"https:\/\/multiblog.educacion.navarra.es\/jmoreno1\/wp-json\/wp\/v2\/categories?post=829"},{"taxonomy":"post_tag","embeddable":true,"href":"https:\/\/multiblog.educacion.navarra.es\/jmoreno1\/wp-json\/wp\/v2\/tags?post=829"}],"curies":[{"name":"wp","href":"https:\/\/api.w.org\/{rel}","templated":true}]}}