


{"id":710,"date":"2011-12-17T12:48:36","date_gmt":"2011-12-17T11:48:36","guid":{"rendered":"http:\/\/multiblog.educacion.navarra.es\/jmoreno1\/?p=710"},"modified":"2012-02-08T09:54:32","modified_gmt":"2012-02-08T08:54:32","slug":"suma-y-sigue","status":"publish","type":"post","link":"https:\/\/multiblog.educacion.navarra.es\/jmoreno1\/2011\/12\/17\/suma-y-sigue\/","title":{"rendered":"SUMA Y SIGUE&#8230;!!!!"},"content":{"rendered":"<p style=\"text-align: justify\"><a href=\"http:\/\/multiblog.educacion.navarra.es\/jmoreno1\/files\/2011\/12\/ni\u00f1o-obeso.jpg\"><img loading=\"lazy\" class=\"alignleft size-full wp-image-711\" src=\"http:\/\/multiblog.educacion.navarra.es\/jmoreno1\/files\/2011\/12\/ni\u00f1o-obeso.jpg\" alt=\"\" width=\"217\" height=\"232\" \/><\/a>\u00bfHasta cu\u00e1ndo? \u00bfSe necesitan m\u00e1s datos para saber que tenemos un problema? Y ya no es s\u00f3lo que sabemos cual es el problema, adem\u00e1s sabemos cual es la soluci\u00f3n. Pero lo m\u00e1s grave es que a quien compete parece que no se da cuenta que las estad\u00edsticas de hoy ser\u00e1n un terrible problema ma\u00f1ana. \u00bfA qu\u00e9 **** esperan para poner las medidas? Lo siento,\u00a0 pero me altero.<\/p>\n<p style=\"text-align: justify\">Pd. Bueno, al menos vamos a la cabeza en algo. No te fastidia.<\/p>\n<p style=\"text-align: justify\"><a href=\"http:\/\/www.noticiasdenavarra.com\/2011\/12\/17\/sociedad\/estado\/espana-a-la-cabeza-de-la-obesidad-infantil-en-el-mundo-con-un-19-de-ninos-obesos\" target=\"_blank\">NOTICIA!!!<\/a><\/p>\n<p style=\"text-align: justify\"><!--more--><\/p>\n<h1 style=\"text-align: justify\">Espa\u00f1a, a la cabeza de la obesidad infantil en el mundo con un 19% de ni\u00f1os obesos<\/h1>\n<div style=\"text-align: justify\">\n<p>expertos abogan por un aumento de la actividad f\u00edsica y el cuidado de la alimentaci\u00f3n<\/p>\n<p>El sobrepeso en la infancia puede provocar diabetes, problemas cardiometab\u00f3licos o arterioesclerosis antes de la edad adulta<\/p>\n<\/div>\n<p style=\"text-align: justify\">efe &#8211; S\u00e1bado, 17 de Diciembre de 2011 &#8211; Actualizado a las 05:15h<\/p>\n<p style=\"text-align: justify\">Espa\u00f1a se ha situado por delante de Estados Unidos en obesidad infantil, con un 19% de ni\u00f1os obesos en este pa\u00eds frente al 16% de los estadounidenses, un porcentaje que triplica al de hace 30 a\u00f1os.<\/p>\n<div>\n<p style=\"text-align: justify\">As\u00ed lo indic\u00f3 ayer el doctor Pedro Jos\u00e9 Benito, profesor de la Facultad de Ciencias de la Actividad F\u00edsica y del Deporte, durante la celebraci\u00f3n de un congreso en el que se present\u00f3 el resultado de un innovador Programa de Nutrici\u00f3n y Actividad F\u00edsica para el tratamiento de la Obesidad (Pronaf).<\/p>\n<p style=\"text-align: justify\">Se trata de un estudio pionero en Espa\u00f1a en el que han participado, durante 5 a\u00f1os, m\u00e1s de 30 investigadores y 2.000 voluntarios, y en el que, por primera vez, se ha combinado la dieta con los gimnasios como centros preventivos y curativos de salud.<\/p>\n<p style=\"text-align: justify\">Las personas con sobrepeso que han participado en el trabajo lograron una reducci\u00f3n media de peso de entre 8 y 9 kilos, y las que ten\u00edan obesidad de hasta unos 12, aunque las respuestas individuales al tratamiento han sido muy variadas.<\/p>\n<p style=\"text-align: justify\">El trabajo ha estado avalado por el Ministerio de Ciencia y ha sido liderado por la Facultad de Ciencias de la Actividad F\u00edsica y del Deporte de la Universidad Polit\u00e9cnica de Madrid (UPM).<\/p>\n<p style=\"text-align: justify\">Benito, investigador principal del proyecto, precis\u00f3 ayer que el 45,2% del exceso de peso detectado en los ni\u00f1os espa\u00f1oles se reparte de la siguiente manera: el 26,1% es sobrepeso y el 19,1% a obesidad.<\/p>\n<p style=\"text-align: justify\">El problema es &#8220;muy preocupante&#8221;, seg\u00fan dijo, porque estos menores tienen mayor riesgo de desarrollar problemas cardiometab\u00f3licos, diabetes tipo 2 o aterosclerosis antes de llegar a convertirse en adultos. &#8220;El aumento de la actividad f\u00edsica y el cuidado en la alimentaci\u00f3n son las claves para asegurar generaciones sanas&#8221;, sentenci\u00f3 el profesor.<\/p>\n<p style=\"text-align: justify\">Apunt\u00f3 que las intervenciones dirigidas a ni\u00f1os con obesidad suelen estar orientadas exclusivamente a la p\u00e9rdida de peso, y es fundamental incluir el ejercicio en la educaci\u00f3n y no asociar las actividades f\u00edsicas ni la dieta a un castigo para el menor.<\/p>\n<p style=\"text-align: justify\">En cuanto a los adolescentes, explic\u00f3 que el 80% de los que sufren obesidad continuar\u00e1 con este problema en la edad adulta, por lo que la infancia es el momento ideal para reconducir los malos h\u00e1bitos.<\/p>\n<p style=\"text-align: justify\">Espa\u00f1a tiene un 38,7% de la poblaci\u00f3n adulta con sobrepeso y un 14,5% con obesidad, y se prev\u00e9 que, en 2030, el 37% de los hombres y el 33% de las mujeres espa\u00f1olas padecer\u00e1n la enfermedad.<\/p>\n<p style=\"text-align: justify\">El experto resalt\u00f3, como dato negativo, que la poblaci\u00f3n espa\u00f1ola es &#8220;eminentemente sedentaria&#8221;, ya que s\u00f3lo un 43% realiza actividad f\u00edsica de forma regular.<\/p>\n<p style=\"text-align: justify\">Actualmente, relat\u00f3, el exceso de peso supone un 8% del gasto total sanitario en Espa\u00f1a, un dato que, al igual que las estad\u00edsticas de la enfermedad, se prev\u00e9 ir\u00e1 en aumento.<\/p>\n<p style=\"text-align: justify\">A medida que se cumplen a\u00f1os, la grasa visceral aumenta y, como media, un individuo gana 6 kilos de peso y pierde otros tantos de m\u00fasculo entre los 25 y los 65 a\u00f1os.<\/p>\n<\/div>\n","protected":false},"excerpt":{"rendered":"<p>\u00bfHasta cu\u00e1ndo? \u00bfSe necesitan m\u00e1s datos para saber que tenemos un problema? Y ya no es s\u00f3lo que sabemos cual es el problema, adem\u00e1s sabemos cual es la soluci\u00f3n. Pero lo m\u00e1s grave es que a quien compete parece que no se da cuenta que las estad\u00edsticas de hoy ser\u00e1n un terrible problema ma\u00f1ana. \u00bfA [&hellip;]<\/p>\n","protected":false},"author":133,"featured_media":0,"comment_status":"open","ping_status":"open","sticky":false,"template":"","format":"standard","meta":[],"categories":[754],"tags":[4433,39163,497],"_links":{"self":[{"href":"https:\/\/multiblog.educacion.navarra.es\/jmoreno1\/wp-json\/wp\/v2\/posts\/710"}],"collection":[{"href":"https:\/\/multiblog.educacion.navarra.es\/jmoreno1\/wp-json\/wp\/v2\/posts"}],"about":[{"href":"https:\/\/multiblog.educacion.navarra.es\/jmoreno1\/wp-json\/wp\/v2\/types\/post"}],"author":[{"embeddable":true,"href":"https:\/\/multiblog.educacion.navarra.es\/jmoreno1\/wp-json\/wp\/v2\/users\/133"}],"replies":[{"embeddable":true,"href":"https:\/\/multiblog.educacion.navarra.es\/jmoreno1\/wp-json\/wp\/v2\/comments?post=710"}],"version-history":[{"count":0,"href":"https:\/\/multiblog.educacion.navarra.es\/jmoreno1\/wp-json\/wp\/v2\/posts\/710\/revisions"}],"wp:attachment":[{"href":"https:\/\/multiblog.educacion.navarra.es\/jmoreno1\/wp-json\/wp\/v2\/media?parent=710"}],"wp:term":[{"taxonomy":"category","embeddable":true,"href":"https:\/\/multiblog.educacion.navarra.es\/jmoreno1\/wp-json\/wp\/v2\/categories?post=710"},{"taxonomy":"post_tag","embeddable":true,"href":"https:\/\/multiblog.educacion.navarra.es\/jmoreno1\/wp-json\/wp\/v2\/tags?post=710"}],"curies":[{"name":"wp","href":"https:\/\/api.w.org\/{rel}","templated":true}]}}