


{"id":693,"date":"2011-12-06T18:50:00","date_gmt":"2011-12-06T17:50:00","guid":{"rendered":"http:\/\/multiblog.educacion.navarra.es\/jmoreno1\/2011\/12\/06\/pgina-interesante-y-til\/"},"modified":"2011-12-07T19:07:29","modified_gmt":"2011-12-07T18:07:29","slug":"pgina-interesante-y-til","status":"publish","type":"post","link":"https:\/\/multiblog.educacion.navarra.es\/jmoreno1\/2011\/12\/06\/pgina-interesante-y-til\/","title":{"rendered":"P&Aacute;GINA INTERESANTE Y &Uacute;TIL"},"content":{"rendered":"<p align=\"justify\"><a href=\"http:\/\/www.educacionfisicaenprimaria.es\" target=\"_blank\"><img loading=\"lazy\" style=\"margin: 0px 30px 0px 0px;border-width: 0px\" src=\"http:\/\/multiblog.educacion.navarra.es\/jmoreno1\/files\/2011\/12\/PAGEF.jpg\" alt=\"PAG EF\" width=\"244\" height=\"184\" align=\"left\" border=\"0\" \/><\/a> Hola amigos\/as;<br \/>\nNuestro compa\u00f1ero Antonio Guti\u00e9rrez nos pasa la direcci\u00f3n de un p\u00e1gina web interesante. Encontrar\u00e9is\u00a0 bastantes recursos para abordar las tic desde la EF. Esta es la direcci\u00f3n de la p\u00e1gina web:<br \/>\n<a href=\"http:\/\/www.educacionfisicaenprimaria.es\/\" target=\"_blank\">http:\/\/www.educacionfisicaenprimaria.es\/<\/a><br \/>\nUn saludo<\/p>\n","protected":false},"excerpt":{"rendered":"<p>Hola amigos\/as; Nuestro compa\u00f1ero Antonio Guti\u00e9rrez nos pasa la direcci\u00f3n de un p\u00e1gina web interesante. Encontrar\u00e9is\u00a0 bastantes recursos para abordar las tic desde la EF. Esta es la direcci\u00f3n de la p\u00e1gina web: http:\/\/www.educacionfisicaenprimaria.es\/ Un saludo<\/p>\n","protected":false},"author":133,"featured_media":0,"comment_status":"open","ping_status":"open","sticky":false,"template":"","format":"standard","meta":[],"categories":[192,159,3],"tags":[289],"_links":{"self":[{"href":"https:\/\/multiblog.educacion.navarra.es\/jmoreno1\/wp-json\/wp\/v2\/posts\/693"}],"collection":[{"href":"https:\/\/multiblog.educacion.navarra.es\/jmoreno1\/wp-json\/wp\/v2\/posts"}],"about":[{"href":"https:\/\/multiblog.educacion.navarra.es\/jmoreno1\/wp-json\/wp\/v2\/types\/post"}],"author":[{"embeddable":true,"href":"https:\/\/multiblog.educacion.navarra.es\/jmoreno1\/wp-json\/wp\/v2\/users\/133"}],"replies":[{"embeddable":true,"href":"https:\/\/multiblog.educacion.navarra.es\/jmoreno1\/wp-json\/wp\/v2\/comments?post=693"}],"version-history":[{"count":0,"href":"https:\/\/multiblog.educacion.navarra.es\/jmoreno1\/wp-json\/wp\/v2\/posts\/693\/revisions"}],"wp:attachment":[{"href":"https:\/\/multiblog.educacion.navarra.es\/jmoreno1\/wp-json\/wp\/v2\/media?parent=693"}],"wp:term":[{"taxonomy":"category","embeddable":true,"href":"https:\/\/multiblog.educacion.navarra.es\/jmoreno1\/wp-json\/wp\/v2\/categories?post=693"},{"taxonomy":"post_tag","embeddable":true,"href":"https:\/\/multiblog.educacion.navarra.es\/jmoreno1\/wp-json\/wp\/v2\/tags?post=693"}],"curies":[{"name":"wp","href":"https:\/\/api.w.org\/{rel}","templated":true}]}}