


{"id":628,"date":"2011-04-07T11:52:31","date_gmt":"2011-04-07T10:52:31","guid":{"rendered":"http:\/\/multiblog.educacion.navarra.es\/jmoreno1\/?p=628"},"modified":"2012-04-17T16:01:35","modified_gmt":"2012-04-17T15:01:35","slug":"fantastica-web-para-la-educacion-vial","status":"publish","type":"post","link":"https:\/\/multiblog.educacion.navarra.es\/jmoreno1\/2011\/04\/07\/fantastica-web-para-la-educacion-vial\/","title":{"rendered":"Fant\u00e1stica web para la Educaci\u00f3n Vial."},"content":{"rendered":"<h4 style=\"text-align: center\">La educaci\u00f3n vial como instrumento de prevenci\u00f3n.<\/h4>\n<p style=\"text-align: justify\"><span style=\"font-weight: normal\"><a href=\"http:\/\/www.circulando.es\/\" target=\"_blank\"><img loading=\"lazy\" class=\"alignleft size-full wp-image-631\" src=\"http:\/\/multiblog.educacion.navarra.es\/jmoreno1\/files\/2011\/04\/images1.jpg\" alt=\"\" width=\"129\" height=\"130\" \/><\/a><br \/>\nEducar no es una tarea f\u00e1cil. Y cuando se trata de ense\u00f1ar a los m\u00e1s j\u00f3venes la importancia de la seguridad vial, nunca est\u00e1 de m\u00e1s que alguien nos eche una mano.<\/span><\/p>\n<p style=\"text-align: justify\">Desde la FUNDACI\u00d3N MAPFRE, queremos ayudarle. Y por eso hace tiempo que pusimos en marcha en Espa\u00f1a el programa &#8220;Circulando: Educando en Valores por la Seguridad Vial&#8221;, con el fin de crear un marco de acci\u00f3n coordinada para fomentar en el \u00e1mbito escolar y familiar las mejores pautas de seguridad, movilidad y solidaridad.<\/p>\n<p style=\"text-align: justify\">Ahora damos un paso m\u00e1s y ponemos a su disposici\u00f3n una nueva plataforma dirigida a profesionales, educadores, familias, ni\u00f1os y j\u00f3venes, para que juntos trabajemos por la Seguridad Vial.<\/p>\n<h4><a href=\"http:\/\/www.circulando.es\/\" target=\"_blank\"><img loading=\"lazy\" class=\"aligncenter\" src=\"http:\/\/multiblog.educacion.navarra.es\/jmoreno1\/files\/2011\/04\/images.jpg\" alt=\"\" width=\"280\" height=\"77\" \/><\/a><\/h4>\n","protected":false},"excerpt":{"rendered":"<p>La educaci\u00f3n vial como instrumento de prevenci\u00f3n. Educar no es una tarea f\u00e1cil. Y cuando se trata de ense\u00f1ar a los m\u00e1s j\u00f3venes la importancia de la seguridad vial, nunca est\u00e1 de m\u00e1s que alguien nos eche una mano. Desde la FUNDACI\u00d3N MAPFRE, queremos ayudarle. Y por eso hace tiempo que pusimos en marcha en [&hellip;]<\/p>\n","protected":false},"author":133,"featured_media":0,"comment_status":"open","ping_status":"open","sticky":false,"template":"","format":"standard","meta":[],"categories":[132,3],"tags":[15291],"_links":{"self":[{"href":"https:\/\/multiblog.educacion.navarra.es\/jmoreno1\/wp-json\/wp\/v2\/posts\/628"}],"collection":[{"href":"https:\/\/multiblog.educacion.navarra.es\/jmoreno1\/wp-json\/wp\/v2\/posts"}],"about":[{"href":"https:\/\/multiblog.educacion.navarra.es\/jmoreno1\/wp-json\/wp\/v2\/types\/post"}],"author":[{"embeddable":true,"href":"https:\/\/multiblog.educacion.navarra.es\/jmoreno1\/wp-json\/wp\/v2\/users\/133"}],"replies":[{"embeddable":true,"href":"https:\/\/multiblog.educacion.navarra.es\/jmoreno1\/wp-json\/wp\/v2\/comments?post=628"}],"version-history":[{"count":0,"href":"https:\/\/multiblog.educacion.navarra.es\/jmoreno1\/wp-json\/wp\/v2\/posts\/628\/revisions"}],"wp:attachment":[{"href":"https:\/\/multiblog.educacion.navarra.es\/jmoreno1\/wp-json\/wp\/v2\/media?parent=628"}],"wp:term":[{"taxonomy":"category","embeddable":true,"href":"https:\/\/multiblog.educacion.navarra.es\/jmoreno1\/wp-json\/wp\/v2\/categories?post=628"},{"taxonomy":"post_tag","embeddable":true,"href":"https:\/\/multiblog.educacion.navarra.es\/jmoreno1\/wp-json\/wp\/v2\/tags?post=628"}],"curies":[{"name":"wp","href":"https:\/\/api.w.org\/{rel}","templated":true}]}}