


{"id":600,"date":"2011-02-13T14:15:50","date_gmt":"2011-02-13T13:15:50","guid":{"rendered":"http:\/\/multiblog.educacion.navarra.es\/jmoreno1\/?p=600"},"modified":"2011-02-13T15:38:39","modified_gmt":"2011-02-13T14:38:39","slug":"programa-til","status":"publish","type":"post","link":"https:\/\/multiblog.educacion.navarra.es\/jmoreno1\/2011\/02\/13\/programa-til\/","title":{"rendered":"Programa TIL"},"content":{"rendered":"<p style=\"text-align: justify\"><a href=\"http:\/\/multiblog.educacion.navarra.es\/jmoreno1\/files\/2011\/02\/burger.jpg\"><img loading=\"lazy\" class=\"alignleft size-thumbnail wp-image-602\" src=\"http:\/\/multiblog.educacion.navarra.es\/jmoreno1\/files\/2011\/02\/burger-150x150.jpg\" alt=\"\" width=\"150\" height=\"150\" \/><\/a>Hay un buen lio montado en varios centros por el programa TIL y quiz\u00e1s a los que ahora mismo no nos toca, como que lo vemos lejos pero lo que si es cierto es que esto va a m\u00e1s y pronto si que nos afectar\u00e1. Ya cada uno que saque sus conclusiones y obre en consecuencia. Yo lo tengo claro y no es la primera vez que me pronuncio al respecto, mucha silla, muchos recursos para algunas cosas y pocos o ninguno para la actividad f\u00edsica. El sistema anterior se ha visto a todas luces que ha sido un fracaso rotundo, con la millonada invertida en el ingl\u00e9s desde infantil, pero parece que los efectos no son los esperados ni de lejos. Como dije antes, yo lo tengo claro y mas viendo los resultados tanto del \u00e9xito del programa de ingl\u00e9s como del aumento de la obesidad infantil.<\/p>\n<p style=\"text-align: justify\">Todo esto viene porque\u00a0 me ha llegado una carta por parte de un compa\u00f1ero de EF. Lo \u00fanico que he quitado es su nombre y su centro, pero el resto es textual.<\/p>\n<p style=\"text-align: justify\">Saludos<\/p>\n<p style=\"text-align: justify\"><!--more--><\/p>\n<p style=\"text-align: center\">&#8212;&#8212;&#8212;&#8212;&#8212;&#8212;&#8212;&#8212;&#8212;&#8212;&#8212;&#8212;&#8212;&#8212;&#8212;&#8212;&#8212;&#8212;&#8212;&#8212;&#8212;&#8212;&#8212;&#8212;&#8212;&#8212;<\/p>\n<p style=\"text-align: justify\">\u00a0Hola!<br \/>\nSoy &#8212;&#8212;, profesor de Educaci\u00f3n F\u00edsica en el CPEIP &#8212;&#8212;&#8212;.<\/p>\n<p style=\"text-align: justify\">Ahora que el per\u00edodo de matr\u00edcula est\u00e1 en plena ebullici\u00f3n os paso una<br \/>\ninformaci\u00f3n que puede ser de vuestro inter\u00e9s. Parece que el Departamento<br \/>\nest\u00e1 impulsando a pasos agigantados el Programa TIL.<br \/>\nDesde alg\u00fan centro se est\u00e1 impartiendo nuestro \u00c1rea de Educaci\u00f3n F\u00edsica en<br \/>\nIngl\u00e9s. En algunos casos, esta situaci\u00f3n ha sido forzada y obligada desde<br \/>\nel Equipo Directivo. Al respecto, os adjunto el documento sobre las Bases<br \/>\ndel Programa TIL:<\/p>\n<p style=\"text-align: justify\">RESOLUCI\u00d3N 69\/2010, de 19 de febrero, de la Directora General de<br \/>\nOrdenaci\u00f3n, Calidad e Innovaci\u00f3n, por la que se establecen las bases para<br \/>\nla impartici\u00f3n de los programas pluriling\u00fces de los colegios p\u00fablicos de<br \/>\neducaci\u00f3n infantil y primaria de Navarra durante el curso 2010-2011.<br \/>\nPublicado el Mi\u00e9rcoles, 24 de marzo de 2010<\/p>\n<p style=\"text-align: justify\">En su Anexo, en la Base Segunda. Curr\u00edculo, dice:<\/p>\n<p style=\"text-align: justify\">4. En educaci\u00f3n primaria se impartir\u00e1n en ingl\u00e9s, adem\u00e1s del \u00e1rea de<br \/>\nlengua extranjera, contenidos de \u00e1reas no ling\u00fc\u00edsticas en los t\u00e9rminos que<br \/>\nestablece la base tercera de este Anexo, fundamentalmente de las \u00e1reas de<br \/>\nconocimiento del medio natural, social y cultural, matem\u00e1ticas y educaci\u00f3n<br \/>\nart\u00edstica. Tambi\u00e9n podr\u00e1n impartirse contenidos de otras especialidades<br \/>\n(Educaci\u00f3n F\u00edsica, M\u00fasica, etc.) EN FUNCI\u00d3N DE LA COMPETENCIA Y<br \/>\nDISPONIBILIDAD DEL PROFESORADO DE PLANTILLA.<\/p>\n<p style=\"text-align: justify\">Por lo tanto, si alguno de vosotros\/as se encuentra en esta situaci\u00f3n debe<br \/>\nhacer referencia a este apartado, el \u00fanico que legisla este PROYECTO<br \/>\nEXPERIMENTAL DEL TRATAMIENTO INTEGRADO DE LAS LENGUAS.<\/p>\n<p style=\"text-align: justify\">Es una pena que tantos a\u00f1os luchando por dar prestigio a nuestra \u00e1rea y el<br \/>\nnulo reconocimiento a la competencia motriz (en la legislaci\u00f3n LOE),<br \/>\ncuando somos un \u00e1rea que trabaja con metodolog\u00edas innovadores (y muy LOE),<br \/>\nsuframos una desconsideraci\u00f3n tan grave.<\/p>\n<p style=\"text-align: justify\">Igualmente os env\u00edo otra informaci\u00f3n que me ha llegado y que os puede<br \/>\ninteresar:<br \/>\nPETICI\u00d3N P\u00daBLICA DE FIRMAS \u201cNo a la generalizaci\u00f3n del Programa TIL en los<br \/>\ncentros p\u00fablicos de Navarra\u201d<br \/>\n&lt;<a href=\"http:\/\/www.peticionpublica.es\/PeticaoVer.aspx?pi=P2011N6433\">http:\/\/www.peticionpublica.es\/PeticaoVer.aspx?pi=P2011N6433<\/a>&gt;<br \/>\nen la que exigimos al Departamento de Educaci\u00f3n unas garanti\u00e1s m\u00ednimas<br \/>\nantes de implantar en todos los centros p\u00fablicos dicho modelo.<br \/>\nTambi\u00e9n hay abierto un blog sobre el tema:<br \/>\n&lt;<a href=\"http:\/\/tilennavarra.blogspot.com\/\">http:\/\/tilennavarra.blogspot.com\/<\/a>&gt;*<\/p>\n<p style=\"text-align: justify\">Un saludo<br \/>\n&#8212;&#8212;<\/p>\n<p style=\"text-align: justify\"><a href=\"http:\/\/multiblog.educacion.navarra.es\/jmoreno1\/files\/2011\/02\/24-03-10-Bases-TIL.pdf\" target=\"_blank\">Bases TIL<\/a><\/p>\n","protected":false},"excerpt":{"rendered":"<p>Hay un buen lio montado en varios centros por el programa TIL y quiz\u00e1s a los que ahora mismo no nos toca, como que lo vemos lejos pero lo que si es cierto es que esto va a m\u00e1s y pronto si que nos afectar\u00e1. Ya cada uno que saque sus conclusiones y obre en [&hellip;]<\/p>\n","protected":false},"author":133,"featured_media":0,"comment_status":"open","ping_status":"open","sticky":false,"template":"","format":"standard","meta":[],"categories":[811],"tags":[],"_links":{"self":[{"href":"https:\/\/multiblog.educacion.navarra.es\/jmoreno1\/wp-json\/wp\/v2\/posts\/600"}],"collection":[{"href":"https:\/\/multiblog.educacion.navarra.es\/jmoreno1\/wp-json\/wp\/v2\/posts"}],"about":[{"href":"https:\/\/multiblog.educacion.navarra.es\/jmoreno1\/wp-json\/wp\/v2\/types\/post"}],"author":[{"embeddable":true,"href":"https:\/\/multiblog.educacion.navarra.es\/jmoreno1\/wp-json\/wp\/v2\/users\/133"}],"replies":[{"embeddable":true,"href":"https:\/\/multiblog.educacion.navarra.es\/jmoreno1\/wp-json\/wp\/v2\/comments?post=600"}],"version-history":[{"count":0,"href":"https:\/\/multiblog.educacion.navarra.es\/jmoreno1\/wp-json\/wp\/v2\/posts\/600\/revisions"}],"wp:attachment":[{"href":"https:\/\/multiblog.educacion.navarra.es\/jmoreno1\/wp-json\/wp\/v2\/media?parent=600"}],"wp:term":[{"taxonomy":"category","embeddable":true,"href":"https:\/\/multiblog.educacion.navarra.es\/jmoreno1\/wp-json\/wp\/v2\/categories?post=600"},{"taxonomy":"post_tag","embeddable":true,"href":"https:\/\/multiblog.educacion.navarra.es\/jmoreno1\/wp-json\/wp\/v2\/tags?post=600"}],"curies":[{"name":"wp","href":"https:\/\/api.w.org\/{rel}","templated":true}]}}