


{"id":442,"date":"2010-09-28T01:04:03","date_gmt":"2010-09-27T23:04:03","guid":{"rendered":"http:\/\/multiblog.educacion.navarra.es\/jmoreno1\/?p=442"},"modified":"2010-10-05T16:17:47","modified_gmt":"2010-10-05T14:17:47","slug":"documentacion-de-las-jornadas-de-e-f","status":"publish","type":"post","link":"https:\/\/multiblog.educacion.navarra.es\/jmoreno1\/2010\/09\/28\/documentacion-de-las-jornadas-de-e-f\/","title":{"rendered":"Documentaci\u00f3n de las Jornadas de E.F."},"content":{"rendered":"<p>Hola a <a href=\"mailto:tod@s\">tod@s<\/a> , os dejo toda la documentaci\u00f3n que me ha pasado Andoni sobre las \u00faltimas jornadas de intercambio de experiencias en EF que se celebr\u00f3 en Pamplona a principios de mes.<\/p>\n<p><strong><a href=\"http:\/\/multiblog.educacion.navarra.es\/jmoreno1\/files\/2010\/09\/Convocatoria-10-11.doc\" target=\"_blank\">Convocatoria 10-11<\/a><\/strong><\/p>\n<p><strong><a href=\"http:\/\/multiblog.educacion.navarra.es\/jmoreno1\/\" target=\"_blank\">Blog Educaci\u00f3n F\u00edsica Escolar<\/a><\/strong><\/p>\n<p><strong><a href=\"http:\/\/multiblog.educacion.navarra.es\/jmoreno1\/files\/2010\/09\/Dale-Zapatilla_blogEF.pdf\" target=\"_blank\">Dale Zapatilla_blogEF<\/a><\/strong><\/p>\n<p><strong><a href=\"http:\/\/multiblog.educacion.navarra.es\/jmoreno1\/files\/2010\/09\/DOCUMENTO_CERO_REGULACION_DEL_DEPORTE_DEL_MENOR_27_abril.doc\" target=\"_blank\">DOCUMENTO_CERO_REGULACION_DEL_DEPORTE_DEL_MENOR_(27_abril)<\/a><\/strong><\/p>\n<p><strong><a href=\"http:\/\/multiblog.educacion.navarra.es\/jmoreno1\/files\/2010\/09\/Ponencia-CAP.-Sep-10.pdf\" target=\"_blank\">Ponencia CAP. Sep 10<\/a><\/strong><\/p>\n<p><strong><a href=\"http:\/\/multiblog.educacion.navarra.es\/jmoreno1\/files\/2010\/09\/VI-JORNADAS-SOBRE-EXPERIENCIA-EF_Miguel-de-Leon.pdf\" target=\"_blank\">VI JORNADAS SOBRE EXPERIENCIA EF_Miguel de Leon<\/a><\/strong><\/p>\n<p><strong><a href=\"http:\/\/multiblog.educacion.navarra.es\/jmoreno1\/files\/2010\/09\/lasterketa-luzea-jardunaldiak.zip\" target=\"_blank\">lasterketa luzea-jardunaldiak<\/a><\/strong><\/p>\n<p><strong><a href=\"http:\/\/elbailecreatividadyconvivencia.blogspot.com\/\" target=\"_blank\">Sesion de bailes<\/a> (presentaci\u00f3n de Power Point, un v\u00eddeo, un resumen de la ponencia y una sesi\u00f3n pr\u00e1ctica) por parte de Xabier Mendoza.<\/strong><\/p>\n","protected":false},"excerpt":{"rendered":"<p>Hola a tod@s , os dejo toda la documentaci\u00f3n que me ha pasado Andoni sobre las \u00faltimas jornadas de intercambio de experiencias en EF que se celebr\u00f3 en Pamplona a principios de mes. Convocatoria 10-11 Blog Educaci\u00f3n F\u00edsica Escolar Dale Zapatilla_blogEF DOCUMENTO_CERO_REGULACION_DEL_DEPORTE_DEL_MENOR_(27_abril) Ponencia CAP. Sep 10 VI JORNADAS SOBRE EXPERIENCIA EF_Miguel de Leon lasterketa luzea-jardunaldiak [&hellip;]<\/p>\n","protected":false},"author":133,"featured_media":0,"comment_status":"open","ping_status":"open","sticky":false,"template":"","format":"standard","meta":[],"categories":[298],"tags":[],"_links":{"self":[{"href":"https:\/\/multiblog.educacion.navarra.es\/jmoreno1\/wp-json\/wp\/v2\/posts\/442"}],"collection":[{"href":"https:\/\/multiblog.educacion.navarra.es\/jmoreno1\/wp-json\/wp\/v2\/posts"}],"about":[{"href":"https:\/\/multiblog.educacion.navarra.es\/jmoreno1\/wp-json\/wp\/v2\/types\/post"}],"author":[{"embeddable":true,"href":"https:\/\/multiblog.educacion.navarra.es\/jmoreno1\/wp-json\/wp\/v2\/users\/133"}],"replies":[{"embeddable":true,"href":"https:\/\/multiblog.educacion.navarra.es\/jmoreno1\/wp-json\/wp\/v2\/comments?post=442"}],"version-history":[{"count":0,"href":"https:\/\/multiblog.educacion.navarra.es\/jmoreno1\/wp-json\/wp\/v2\/posts\/442\/revisions"}],"wp:attachment":[{"href":"https:\/\/multiblog.educacion.navarra.es\/jmoreno1\/wp-json\/wp\/v2\/media?parent=442"}],"wp:term":[{"taxonomy":"category","embeddable":true,"href":"https:\/\/multiblog.educacion.navarra.es\/jmoreno1\/wp-json\/wp\/v2\/categories?post=442"},{"taxonomy":"post_tag","embeddable":true,"href":"https:\/\/multiblog.educacion.navarra.es\/jmoreno1\/wp-json\/wp\/v2\/tags?post=442"}],"curies":[{"name":"wp","href":"https:\/\/api.w.org\/{rel}","templated":true}]}}