


{"id":433,"date":"2009-09-21T17:37:31","date_gmt":"2009-09-21T15:37:31","guid":{"rendered":"http:\/\/multiblog.educacion.navarra.es\/jmoreno1\/?p=433"},"modified":"2010-10-13T13:51:54","modified_gmt":"2010-10-13T11:51:54","slug":"433","status":"publish","type":"post","link":"https:\/\/multiblog.educacion.navarra.es\/jmoreno1\/2009\/09\/21\/433\/","title":{"rendered":"Dia y tema para la primera reuni\u00f3n"},"content":{"rendered":"<p>Propuestas para el dia de primera reuni\u00f3n:<\/p>\n<p>Bueno pues mi propuesta es para el dia lunes 27 de septiembre a las 17.30, a\u00fan tenemos las tardes libres , asi que supongo que nadie tendr\u00e1 ning\u00fan problema . De todas formas id poniendo vuestras sugerencias en los comentarios y decidimos.<\/p>\n<p>SALUDOS<\/p>\n<p>Ah por cierto, llevad pensados varios temas sobre los que os gustar\u00eda trabajar.<\/p>\n","protected":false},"excerpt":{"rendered":"<p>Propuestas para el dia de primera reuni\u00f3n: Bueno pues mi propuesta es para el dia lunes 27 de septiembre a las 17.30, a\u00fan tenemos las tardes libres , asi que supongo que nadie tendr\u00e1 ning\u00fan problema . De todas formas id poniendo vuestras sugerencias en los comentarios y decidimos. SALUDOS Ah por cierto, llevad pensados [&hellip;]<\/p>\n","protected":false},"author":133,"featured_media":0,"comment_status":"open","ping_status":"open","sticky":false,"template":"","format":"standard","meta":[],"categories":[4659],"tags":[],"_links":{"self":[{"href":"https:\/\/multiblog.educacion.navarra.es\/jmoreno1\/wp-json\/wp\/v2\/posts\/433"}],"collection":[{"href":"https:\/\/multiblog.educacion.navarra.es\/jmoreno1\/wp-json\/wp\/v2\/posts"}],"about":[{"href":"https:\/\/multiblog.educacion.navarra.es\/jmoreno1\/wp-json\/wp\/v2\/types\/post"}],"author":[{"embeddable":true,"href":"https:\/\/multiblog.educacion.navarra.es\/jmoreno1\/wp-json\/wp\/v2\/users\/133"}],"replies":[{"embeddable":true,"href":"https:\/\/multiblog.educacion.navarra.es\/jmoreno1\/wp-json\/wp\/v2\/comments?post=433"}],"version-history":[{"count":0,"href":"https:\/\/multiblog.educacion.navarra.es\/jmoreno1\/wp-json\/wp\/v2\/posts\/433\/revisions"}],"wp:attachment":[{"href":"https:\/\/multiblog.educacion.navarra.es\/jmoreno1\/wp-json\/wp\/v2\/media?parent=433"}],"wp:term":[{"taxonomy":"category","embeddable":true,"href":"https:\/\/multiblog.educacion.navarra.es\/jmoreno1\/wp-json\/wp\/v2\/categories?post=433"},{"taxonomy":"post_tag","embeddable":true,"href":"https:\/\/multiblog.educacion.navarra.es\/jmoreno1\/wp-json\/wp\/v2\/tags?post=433"}],"curies":[{"name":"wp","href":"https:\/\/api.w.org\/{rel}","templated":true}]}}