


{"id":414,"date":"2010-09-19T19:53:10","date_gmt":"2010-09-19T17:53:10","guid":{"rendered":"http:\/\/multiblog.educacion.navarra.es\/jmoreno1\/?p=414"},"modified":"2010-09-19T21:02:56","modified_gmt":"2010-09-19T19:02:56","slug":"unidades-didacticas-para-primer-ciclo","status":"publish","type":"post","link":"https:\/\/multiblog.educacion.navarra.es\/jmoreno1\/2010\/09\/19\/unidades-didacticas-para-primer-ciclo\/","title":{"rendered":"Unidades did\u00e1cticas para primer ciclo"},"content":{"rendered":"<p style=\"text-align: justify\">Vamos a colgar cuatro unidades did\u00e1cticas b\u00e1sicas para los mas peque\u00f1os (de una de ellas s\u00f3lo las sesiones). Como siempre digo, cada cual que extraiga lo que le parezca correcto.<\/p>\n<p>\u00a0<a href=\"http:\/\/multiblog.educacion.navarra.es\/jmoreno1\/files\/2010\/09\/sesiones-mi-cuerpito.pdf\" target=\"_blank\">Sesiones &#8220;Mi cuerpito&#8221;<\/a><\/p>\n<p><a href=\"http:\/\/multiblog.educacion.navarra.es\/jmoreno1\/files\/2010\/09\/E.P.-1er-ciclo-UD-Conozco-mi-cuerpo.pdf\" target=\"_blank\"><img loading=\"lazy\" class=\"alignleft size-full wp-image-418\" src=\"http:\/\/multiblog.educacion.navarra.es\/jmoreno1\/files\/2010\/09\/cuerpo.jpg\" alt=\"\" width=\"68\" height=\"94\" \/><\/a><\/p>\n<p style=\"text-align: left\">\u00a0\u00a0\u00a0\u00a0\u00a0\u00a0\u00a0\u00a0\u00a0\u00a0\u00a0\u00a0\u00a0\u00a0\u00a0\u00a0\u00a0\u00a0\u00a0\u00a0\u00a0\u00a0\u00a0\u00a0\u00a0\u00a0\u00a0\u00a0\u00a0\u00a0\u00a0\u00a0\u00a0\u00a0\u00a0\u00a0\u00a0 <a href=\"http:\/\/multiblog.educacion.navarra.es\/jmoreno1\/files\/2010\/09\/E.P.-1er-ciclo-UD-Como-me-muevo.pdf\" target=\"_blank\"><img loading=\"lazy\" class=\"size-full wp-image-420 alignnone\" src=\"http:\/\/multiblog.educacion.navarra.es\/jmoreno1\/files\/2010\/09\/movimiento.jpg\" alt=\"\" width=\"116\" height=\"108\" \/><\/a>\u00a0\u00a0\u00a0\u00a0\u00a0\u00a0\u00a0\u00a0\u00a0\u00a0\u00a0\u00a0\u00a0\u00a0\u00a0\u00a0\u00a0\u00a0\u00a0\u00a0\u00a0\u00a0\u00a0\u00a0\u00a0\u00a0\u00a0\u00a0\u00a0\u00a0\u00a0\u00a0\u00a0\u00a0\u00a0\u00a0 <a href=\"http:\/\/multiblog.educacion.navarra.es\/jmoreno1\/files\/2010\/09\/E.P.-1er-ciclo.UD_.-Lanzo-y-recojo.pdf\" target=\"_blank\"><img loading=\"lazy\" class=\"alignnone size-full wp-image-419\" src=\"http:\/\/multiblog.educacion.navarra.es\/jmoreno1\/files\/2010\/09\/lanzamientos.jpg\" alt=\"\" width=\"130\" height=\"92\" \/><\/a><\/p>\n","protected":false},"excerpt":{"rendered":"<p>Vamos a colgar cuatro unidades did\u00e1cticas b\u00e1sicas para los mas peque\u00f1os (de una de ellas s\u00f3lo las sesiones). Como siempre digo, cada cual que extraiga lo que le parezca correcto. \u00a0Sesiones &#8220;Mi cuerpito&#8221; \u00a0\u00a0\u00a0\u00a0\u00a0\u00a0\u00a0\u00a0\u00a0\u00a0\u00a0\u00a0\u00a0\u00a0\u00a0\u00a0\u00a0\u00a0\u00a0\u00a0\u00a0\u00a0\u00a0\u00a0\u00a0\u00a0\u00a0\u00a0\u00a0\u00a0\u00a0\u00a0\u00a0\u00a0\u00a0\u00a0\u00a0 \u00a0\u00a0\u00a0\u00a0\u00a0\u00a0\u00a0\u00a0\u00a0\u00a0\u00a0\u00a0\u00a0\u00a0\u00a0\u00a0\u00a0\u00a0\u00a0\u00a0\u00a0\u00a0\u00a0\u00a0\u00a0\u00a0\u00a0\u00a0\u00a0\u00a0\u00a0\u00a0\u00a0\u00a0\u00a0\u00a0<\/p>\n","protected":false},"author":133,"featured_media":0,"comment_status":"open","ping_status":"open","sticky":false,"template":"","format":"standard","meta":[],"categories":[644],"tags":[39161],"_links":{"self":[{"href":"https:\/\/multiblog.educacion.navarra.es\/jmoreno1\/wp-json\/wp\/v2\/posts\/414"}],"collection":[{"href":"https:\/\/multiblog.educacion.navarra.es\/jmoreno1\/wp-json\/wp\/v2\/posts"}],"about":[{"href":"https:\/\/multiblog.educacion.navarra.es\/jmoreno1\/wp-json\/wp\/v2\/types\/post"}],"author":[{"embeddable":true,"href":"https:\/\/multiblog.educacion.navarra.es\/jmoreno1\/wp-json\/wp\/v2\/users\/133"}],"replies":[{"embeddable":true,"href":"https:\/\/multiblog.educacion.navarra.es\/jmoreno1\/wp-json\/wp\/v2\/comments?post=414"}],"version-history":[{"count":0,"href":"https:\/\/multiblog.educacion.navarra.es\/jmoreno1\/wp-json\/wp\/v2\/posts\/414\/revisions"}],"wp:attachment":[{"href":"https:\/\/multiblog.educacion.navarra.es\/jmoreno1\/wp-json\/wp\/v2\/media?parent=414"}],"wp:term":[{"taxonomy":"category","embeddable":true,"href":"https:\/\/multiblog.educacion.navarra.es\/jmoreno1\/wp-json\/wp\/v2\/categories?post=414"},{"taxonomy":"post_tag","embeddable":true,"href":"https:\/\/multiblog.educacion.navarra.es\/jmoreno1\/wp-json\/wp\/v2\/tags?post=414"}],"curies":[{"name":"wp","href":"https:\/\/api.w.org\/{rel}","templated":true}]}}