


{"id":27,"date":"2013-10-04T10:31:29","date_gmt":"2013-10-04T08:31:29","guid":{"rendered":"http:\/\/multiblog.educacion.navarra.es\/jmoreno1\/?p=27"},"modified":"2014-03-30T20:09:23","modified_gmt":"2014-03-30T18:09:23","slug":"sentido-de-este-proyecto","status":"publish","type":"post","link":"https:\/\/multiblog.educacion.navarra.es\/jmoreno1\/2013\/10\/04\/sentido-de-este-proyecto\/","title":{"rendered":"SENTIDO DE ESTE PROYECTO"},"content":{"rendered":"<h3 style=\"text-align: justify\"><a href=\"http:\/\/multiblog.educacion.navarra.es\/jmoreno1\/files\/2010\/03\/logo.jpg\"><img loading=\"lazy\" class=\"alignleft size-thumbnail wp-image-808\" alt=\"logo\" src=\"http:\/\/multiblog.educacion.navarra.es\/jmoreno1\/files\/2010\/03\/logo-150x150.jpg\" width=\"170\" height=\"171\" \/><\/a>Este blog est\u00e1 dirigido a todos los maestros y maestras de Educaci\u00f3n F\u00edsica que quieran participar en\u00a0\u00e9l. As\u00ed, entre tod@s,\u00a0podr\u00edamos crear un espacio\u00a0para el intercambio de opiniones, experiencias, materiales&#8230;que creamos nos puedan enriquecer a tod@s. Rogar\u00eda que los que tengais materiales interesantes y querais compartirlos, me los envi\u00e9is a antoniperez73@gmail.com\u00a0, as\u00ed entre tod@s ser\u00e1 m\u00e1s f\u00e1cil. Los que quieran participar de una manera m\u00e1s activa,\u00a0 poneros en contacto conmigo.<\/h3>\n<h3 style=\"text-align: justify\">Desde aqu\u00ed os animo a construir entre todos un blog para hacer que nuestra\u00a0 labor sea lo m\u00e1s profesional, innovadora y motivante que podamos.<\/h3>\n<h3 style=\"text-align: left\">Autor: Jose Manuel Moreno<\/h3>\n<h3 style=\"text-align: right\">Eres el visitante n\u00ba:\u00a0<a title=\"contador de visitas html\" href=\"http:\/\/www.contadorvisitasgratis.com\"><img title=\"contador de visitas html\" alt=\"contador de visitas html\" src=\"http:\/\/counter3.statcounterfree.com\/private\/contadorvisitasgratis.php?c=a0326336a32edac608ea0c26c876d100\" border=\"0\" \/><\/a><br \/>\n<img alt=\"\" src=\"http:\/\/contadorgratis.web-kit.org\/img212589-2e6cdb21eb0394192fd56da7178d17.gif\" border=\"0\" \/><\/h3>\n<p style=\"text-align: right\"><em id=\"__mceDel\"><img loading=\"lazy\" class=\"alignleft\" alt=\"\" src=\"http:\/\/multiblog.educacion.navarra.es\/jmoreno1\/files\/2010\/03\/31-500-31-500.jpg\" width=\"126\" height=\"57\" \/><em id=\"__mceDel\"><img loading=\"lazy\" class=\"wp-image-818 alignleft\" alt=\"image\" src=\"http:\/\/multiblog.educacion.navarra.es\/jmoreno1\/files\/2010\/03\/image.jpg\" width=\"80\" height=\"89\" \/><em><a href=\"http:\/\/multiblog.educacion.navarra.es\/jmoreno1\/files\/2010\/03\/no-a-los-recortes.jpg\"><img loading=\"lazy\" class=\"wp-image-727 alignleft\" alt=\"\" src=\"http:\/\/multiblog.educacion.navarra.es\/jmoreno1\/files\/2010\/03\/no-a-los-recortes.jpg\" width=\"67\" height=\"106\" \/><\/a><\/em><em><a title=\"Haz clic para ampliar\" href=\"http:\/\/www.facebook.com\/ajax\/facebook-widgets\/badge_preview.php?bid=1251&amp;layout=horiz&amp;owner_id=100002203734989&amp;rand=1161061958\" rel=\"dialog\"><img loading=\"lazy\" class=\"alignleft\" alt=\"\" src=\"http:\/\/www.facebook.com\/badge.php?id=100002203734989&amp;bid=1251&amp;key=1161061958&amp;format=png&amp;z=208276218\" width=\"67\" height=\"55\" \/><\/a><\/em><em id=\"__mceDel\"><em id=\"__mceDel\"><em id=\"__mceDel\"><em id=\"__mceDel\"><em><img loading=\"lazy\" class=\"wp-image-551 alignright\" alt=\"\" src=\"http:\/\/multiblog.educacion.navarra.es\/jmoreno1\/files\/2010\/03\/logobg.jpg\" width=\"79\" height=\"27\" \/><\/em><\/em><\/em><\/em><\/em><em><a href=\"http:\/\/www.aulablog.com\/\" target=\"_blank\"><img loading=\"lazy\" class=\"alignleft\" alt=\"\" src=\"http:\/\/multiblog.educacion.navarra.es\/jmoreno1\/files\/2010\/03\/edublog.jpg\" width=\"73\" height=\"40\" \/><\/a><\/em><em id=\"__mceDel\" style=\"line-height: 1.5em\"><\/em><a href=\"http:\/\/www.blogesfera.com\/ping\/29288\"><img loading=\"lazy\" class=\" wp-image-1004 alignnone\" alt=\"logo espiral\" src=\"http:\/\/multiblog.educacion.navarra.es\/jmoreno1\/files\/2013\/10\/logo-espiral.jpg\" width=\"108\" height=\"108\" srcset=\"https:\/\/multiblog.educacion.navarra.es\/jmoreno1\/files\/2013\/10\/logo-espiral.jpg 625w, https:\/\/multiblog.educacion.navarra.es\/jmoreno1\/files\/2013\/10\/logo-espiral-150x150.jpg 150w, https:\/\/multiblog.educacion.navarra.es\/jmoreno1\/files\/2013\/10\/logo-espiral-300x300.jpg 300w\" sizes=\"(max-width: 108px) 100vw, 108px\" \/><\/a><\/em><\/em><em id=\"__mceDel\" style=\"line-height: 1.5em\"><em id=\"__mceDel\" style=\"line-height: 1.5em\"><em id=\"__mceDel\"><a href=\"http:\/\/multiblog.educacion.navarra.es\/jmoreno1\/2014\/01\/30\/el-dia-de-la-ilusion\/\" target=\"_blank\"><img loading=\"lazy\" class=\"wp-image-1013 alignleft\" alt=\"el dia de la ilusi\u00f3n\" src=\"http:\/\/multiblog.educacion.navarra.es\/jmoreno1\/files\/2014\/03\/el-dia-de-la-ilusi\u00f3n.jpg\" width=\"137\" height=\"80\" srcset=\"https:\/\/multiblog.educacion.navarra.es\/jmoreno1\/files\/2014\/03\/el-dia-de-la-ilusi\u00f3n.jpg 422w, https:\/\/multiblog.educacion.navarra.es\/jmoreno1\/files\/2014\/03\/el-dia-de-la-ilusi\u00f3n-300x174.jpg 300w\" sizes=\"(max-width: 137px) 100vw, 137px\" \/><\/a><\/em><\/em><\/em><em style=\"line-height: 1.5em\"><a href=\"http:\/\/www.blogesfera.com\/ping\/29288\"><img loading=\"lazy\" class=\"size-full wp-image-330 alignleft\" alt=\"\" src=\"http:\/\/multiblog.educacion.navarra.es\/jmoreno1\/files\/2010\/08\/logo.png\" width=\"63\" height=\"50\" \/><\/a><\/em><em style=\"line-height: 1.5em\">\u00a0<\/em><\/p>\n<p style=\"text-align: right\"><em>\u00a0 \u00a0<\/em><em>\u00a0<\/em><\/p>\n","protected":false},"excerpt":{"rendered":"<p>Este blog est\u00e1 dirigido a todos los maestros y maestras de Educaci\u00f3n F\u00edsica que quieran participar en\u00a0\u00e9l. As\u00ed, entre tod@s,\u00a0podr\u00edamos crear un espacio\u00a0para el intercambio de opiniones, experiencias, materiales&#8230;que creamos nos puedan enriquecer a tod@s. Rogar\u00eda que los que tengais materiales interesantes y querais compartirlos, me los envi\u00e9is a antoniperez73@gmail.com\u00a0, as\u00ed entre tod@s ser\u00e1 m\u00e1s [&hellip;]<\/p>\n","protected":false},"author":133,"featured_media":0,"comment_status":"closed","ping_status":"closed","sticky":true,"template":"","format":"standard","meta":[],"categories":[627],"tags":[],"_links":{"self":[{"href":"https:\/\/multiblog.educacion.navarra.es\/jmoreno1\/wp-json\/wp\/v2\/posts\/27"}],"collection":[{"href":"https:\/\/multiblog.educacion.navarra.es\/jmoreno1\/wp-json\/wp\/v2\/posts"}],"about":[{"href":"https:\/\/multiblog.educacion.navarra.es\/jmoreno1\/wp-json\/wp\/v2\/types\/post"}],"author":[{"embeddable":true,"href":"https:\/\/multiblog.educacion.navarra.es\/jmoreno1\/wp-json\/wp\/v2\/users\/133"}],"replies":[{"embeddable":true,"href":"https:\/\/multiblog.educacion.navarra.es\/jmoreno1\/wp-json\/wp\/v2\/comments?post=27"}],"version-history":[{"count":0,"href":"https:\/\/multiblog.educacion.navarra.es\/jmoreno1\/wp-json\/wp\/v2\/posts\/27\/revisions"}],"wp:attachment":[{"href":"https:\/\/multiblog.educacion.navarra.es\/jmoreno1\/wp-json\/wp\/v2\/media?parent=27"}],"wp:term":[{"taxonomy":"category","embeddable":true,"href":"https:\/\/multiblog.educacion.navarra.es\/jmoreno1\/wp-json\/wp\/v2\/categories?post=27"},{"taxonomy":"post_tag","embeddable":true,"href":"https:\/\/multiblog.educacion.navarra.es\/jmoreno1\/wp-json\/wp\/v2\/tags?post=27"}],"curies":[{"name":"wp","href":"https:\/\/api.w.org\/{rel}","templated":true}]}}