


{"id":196,"date":"2010-06-12T15:33:27","date_gmt":"2010-06-12T15:33:27","guid":{"rendered":"http:\/\/multiblog.educacion.navarra.es\/jmoreno1\/?p=196"},"modified":"2010-07-01T11:34:26","modified_gmt":"2010-07-01T09:34:26","slug":"apartado-programaciones","status":"publish","type":"post","link":"https:\/\/multiblog.educacion.navarra.es\/jmoreno1\/2010\/06\/12\/apartado-programaciones\/","title":{"rendered":"Apartado programaciones"},"content":{"rendered":"<h3><a href=\"http:\/\/multiblog.educacion.navarra.es\/jmoreno1\/programaciones-y-unidades-didacticas\/programaciones\/\" target=\"_self\">ACTUALIZAR P\u00c1GINA<\/a><\/h3>\n<h3>El contenido que encontrar\u00e9is aqu\u00ed, o es de producci\u00f3n propia o se ha encontrado en internet. El mero hecho de ponerlo en este blog es s\u00f3lo para que sirva de referencia, d\u00e9 ideas, o sirva para realizar nuestras propias programaciones.<\/h3>\n<ol>\n<li><a href=\"http:\/\/multiblog.educacion.navarra.es\/jmoreno1\/files\/2010\/03\/programaci\u00f3n-1_2-primaria.pdf\" target=\"_blank\">Programaci\u00f3n de 1er y 2\u00ba ciclo de Educaci\u00f3n F\u00edsica<\/a><\/li>\n<li><a href=\"http:\/\/multiblog.educacion.navarra.es\/jmoreno1\/files\/2010\/03\/programacionEF-GTEF-Peralta.pdf\" target=\"_blank\">Programaci\u00f3n de E.F. producida por el grupo de trabajo de Peralta.<\/a><\/li>\n<li><a href=\"http:\/\/multiblog.educacion.navarra.es\/jmoreno1\/files\/2010\/03\/programacion-anual-ef-con-competencias-1er-ciclo.pdf\" target=\"_blank\">Programacion anual ef con competencias 1er ciclo<\/a><\/li>\n<li><a href=\"http:\/\/multiblog.educacion.navarra.es\/jmoreno1\/files\/2010\/06\/programatercercicloef.doc\" target=\"_blank\">Programaci\u00f3n tercer ciclo<\/a><\/li>\n<li><a href=\"http:\/\/multiblog.educacion.navarra.es\/jmoreno1\/files\/2010\/06\/PROGRAMACIONEDUCACIONFISICA2005.doc\" target=\"_blank\">Programaci\u00f3n tercer curso primaria<\/a><\/li>\n<\/ol>\n<p><strong><a href=\"http:\/\/multiblog.educacion.navarra.es\/jmoreno1\/programaciones-y-unidades-didacticas\/programaciones\/\" target=\"_self\">ACTUALIZAR P\u00c1GINA<\/a><\/strong><\/p>\n","protected":false},"excerpt":{"rendered":"<p>ACTUALIZAR P\u00c1GINA El contenido que encontrar\u00e9is aqu\u00ed, o es de producci\u00f3n propia o se ha encontrado en internet. El mero hecho de ponerlo en este blog es s\u00f3lo para que sirva de referencia, d\u00e9 ideas, o sirva para realizar nuestras propias programaciones. Programaci\u00f3n de 1er y 2\u00ba ciclo de Educaci\u00f3n F\u00edsica Programaci\u00f3n de E.F. producida [&hellip;]<\/p>\n","protected":false},"author":133,"featured_media":0,"comment_status":"open","ping_status":"open","sticky":false,"template":"","format":"standard","meta":[],"categories":[643],"tags":[39160],"_links":{"self":[{"href":"https:\/\/multiblog.educacion.navarra.es\/jmoreno1\/wp-json\/wp\/v2\/posts\/196"}],"collection":[{"href":"https:\/\/multiblog.educacion.navarra.es\/jmoreno1\/wp-json\/wp\/v2\/posts"}],"about":[{"href":"https:\/\/multiblog.educacion.navarra.es\/jmoreno1\/wp-json\/wp\/v2\/types\/post"}],"author":[{"embeddable":true,"href":"https:\/\/multiblog.educacion.navarra.es\/jmoreno1\/wp-json\/wp\/v2\/users\/133"}],"replies":[{"embeddable":true,"href":"https:\/\/multiblog.educacion.navarra.es\/jmoreno1\/wp-json\/wp\/v2\/comments?post=196"}],"version-history":[{"count":0,"href":"https:\/\/multiblog.educacion.navarra.es\/jmoreno1\/wp-json\/wp\/v2\/posts\/196\/revisions"}],"wp:attachment":[{"href":"https:\/\/multiblog.educacion.navarra.es\/jmoreno1\/wp-json\/wp\/v2\/media?parent=196"}],"wp:term":[{"taxonomy":"category","embeddable":true,"href":"https:\/\/multiblog.educacion.navarra.es\/jmoreno1\/wp-json\/wp\/v2\/categories?post=196"},{"taxonomy":"post_tag","embeddable":true,"href":"https:\/\/multiblog.educacion.navarra.es\/jmoreno1\/wp-json\/wp\/v2\/tags?post=196"}],"curies":[{"name":"wp","href":"https:\/\/api.w.org\/{rel}","templated":true}]}}