


{"id":159,"date":"2010-06-03T23:21:19","date_gmt":"2010-06-03T23:21:19","guid":{"rendered":"http:\/\/multiblog.educacion.navarra.es\/jmoreno1\/?p=159"},"modified":"2010-09-01T12:32:54","modified_gmt":"2010-09-01T10:32:54","slug":"cuadernillo-sobre-alimentacion","status":"publish","type":"post","link":"https:\/\/multiblog.educacion.navarra.es\/jmoreno1\/2010\/06\/03\/cuadernillo-sobre-alimentacion\/","title":{"rendered":"Cuadernillo sobre alimentaci\u00f3n"},"content":{"rendered":"<p>\u00a0<\/p>\n<p><a href=\"http:\/\/multiblog.educacion.navarra.es\/jmoreno1\/files\/2010\/06\/comer_y_crecer.pdf\" target=\"_blank\"><img loading=\"lazy\" class=\"alignleft size-medium wp-image-300\" src=\"http:\/\/multiblog.educacion.navarra.es\/jmoreno1\/files\/2010\/06\/P\u00e1ginas-desdecomer_y_crecer-212x300.jpg\" alt=\"\" width=\"212\" height=\"300\" srcset=\"https:\/\/multiblog.educacion.navarra.es\/jmoreno1\/files\/2010\/06\/P\u00e1ginas-desdecomer_y_crecer-212x300.jpg 212w, https:\/\/multiblog.educacion.navarra.es\/jmoreno1\/files\/2010\/06\/P\u00e1ginas-desdecomer_y_crecer-724x1024.jpg 724w, https:\/\/multiblog.educacion.navarra.es\/jmoreno1\/files\/2010\/06\/P\u00e1ginas-desdecomer_y_crecer.jpg 918w\" sizes=\"(max-width: 212px) 100vw, 212px\" \/><\/a><\/p>\n<p>Este cuadernillo est\u00e1 enfocado para los mas peque\u00f1os del cole, para ense\u00f1arles lo m\u00e1s importante e interesante de la alimentaci\u00f3n y que aprendan que se debe comer y de que no se debe abusar.<\/p>\n<p><a href=\"http:\/\/multiblog.educacion.navarra.es\/jmoreno1\/files\/2010\/06\/comer_y_crecer.pdf\" target=\"_blank\"><\/a><\/p>\n","protected":false},"excerpt":{"rendered":"<p>\u00a0 Este cuadernillo est\u00e1 enfocado para los mas peque\u00f1os del cole, para ense\u00f1arles lo m\u00e1s importante e interesante de la alimentaci\u00f3n y que aprendan que se debe comer y de que no se debe abusar.<\/p>\n","protected":false},"author":133,"featured_media":0,"comment_status":"open","ping_status":"open","sticky":false,"template":"","format":"standard","meta":[],"categories":[463],"tags":[497],"_links":{"self":[{"href":"https:\/\/multiblog.educacion.navarra.es\/jmoreno1\/wp-json\/wp\/v2\/posts\/159"}],"collection":[{"href":"https:\/\/multiblog.educacion.navarra.es\/jmoreno1\/wp-json\/wp\/v2\/posts"}],"about":[{"href":"https:\/\/multiblog.educacion.navarra.es\/jmoreno1\/wp-json\/wp\/v2\/types\/post"}],"author":[{"embeddable":true,"href":"https:\/\/multiblog.educacion.navarra.es\/jmoreno1\/wp-json\/wp\/v2\/users\/133"}],"replies":[{"embeddable":true,"href":"https:\/\/multiblog.educacion.navarra.es\/jmoreno1\/wp-json\/wp\/v2\/comments?post=159"}],"version-history":[{"count":0,"href":"https:\/\/multiblog.educacion.navarra.es\/jmoreno1\/wp-json\/wp\/v2\/posts\/159\/revisions"}],"wp:attachment":[{"href":"https:\/\/multiblog.educacion.navarra.es\/jmoreno1\/wp-json\/wp\/v2\/media?parent=159"}],"wp:term":[{"taxonomy":"category","embeddable":true,"href":"https:\/\/multiblog.educacion.navarra.es\/jmoreno1\/wp-json\/wp\/v2\/categories?post=159"},{"taxonomy":"post_tag","embeddable":true,"href":"https:\/\/multiblog.educacion.navarra.es\/jmoreno1\/wp-json\/wp\/v2\/tags?post=159"}],"curies":[{"name":"wp","href":"https:\/\/api.w.org\/{rel}","templated":true}]}}