


{"id":4064,"date":"2017-09-21T20:05:59","date_gmt":"2017-09-21T18:05:59","guid":{"rendered":"http:\/\/multiblog.educacion.navarra.es\/jmoranch\/?p=4064"},"modified":"2017-09-21T20:08:05","modified_gmt":"2017-09-21T18:08:05","slug":"fotografiando-las-fiestas","status":"publish","type":"post","link":"https:\/\/multiblog.educacion.navarra.es\/jmoranch\/2017\/09\/21\/fotografiando-las-fiestas\/","title":{"rendered":"Fotografiando las fiestas"},"content":{"rendered":"<p>Nuestra primera asignaci\u00f3n del curso en Edmodo ha tenido como resultado este v\u00eddeo en el que fotografi\u00e1is las fiestas del pueblo (o los que no estuvieron, sus vacaciones), editando algunas de ellas y poni\u00e9ndoles t\u00edtulo.<\/p>\n<p>Espero que os guste \ud83d\ude42<\/p>\n<p><iframe loading=\"lazy\" class=\"SxPlayer\" title=\"Stupeflix Video Player\" src=\"\/\/studio.stupeflix.com\/embed\/QcnVuv0ksnKV\/\" width=\"640\" height=\"360\" frameborder=\"0\" allowfullscreen=\"allowfullscreen\"><\/iframe><\/p>\n","protected":false},"excerpt":{"rendered":"<p>Nuestra primera asignaci\u00f3n del curso en Edmodo ha tenido como resultado este v\u00eddeo en el que fotografi\u00e1is las fiestas del pueblo (o los que no estuvieron, sus vacaciones), editando algunas de ellas y poni\u00e9ndoles t\u00edtulo. Espero que os guste \ud83d\ude42<\/p>\n","protected":false},"author":164,"featured_media":0,"comment_status":"open","ping_status":"open","sticky":false,"template":"","format":"standard","meta":{"_genesis_hide_title":false,"_genesis_hide_breadcrumbs":false,"_genesis_hide_singular_image":false,"_genesis_hide_footer_widgets":false,"_genesis_custom_body_class":"","_genesis_custom_post_class":"","_genesis_layout":""},"categories":[1],"tags":[],"_links":{"self":[{"href":"https:\/\/multiblog.educacion.navarra.es\/jmoranch\/wp-json\/wp\/v2\/posts\/4064"}],"collection":[{"href":"https:\/\/multiblog.educacion.navarra.es\/jmoranch\/wp-json\/wp\/v2\/posts"}],"about":[{"href":"https:\/\/multiblog.educacion.navarra.es\/jmoranch\/wp-json\/wp\/v2\/types\/post"}],"author":[{"embeddable":true,"href":"https:\/\/multiblog.educacion.navarra.es\/jmoranch\/wp-json\/wp\/v2\/users\/164"}],"replies":[{"embeddable":true,"href":"https:\/\/multiblog.educacion.navarra.es\/jmoranch\/wp-json\/wp\/v2\/comments?post=4064"}],"version-history":[{"count":0,"href":"https:\/\/multiblog.educacion.navarra.es\/jmoranch\/wp-json\/wp\/v2\/posts\/4064\/revisions"}],"wp:attachment":[{"href":"https:\/\/multiblog.educacion.navarra.es\/jmoranch\/wp-json\/wp\/v2\/media?parent=4064"}],"wp:term":[{"taxonomy":"category","embeddable":true,"href":"https:\/\/multiblog.educacion.navarra.es\/jmoranch\/wp-json\/wp\/v2\/categories?post=4064"},{"taxonomy":"post_tag","embeddable":true,"href":"https:\/\/multiblog.educacion.navarra.es\/jmoranch\/wp-json\/wp\/v2\/tags?post=4064"}],"curies":[{"name":"wp","href":"https:\/\/api.w.org\/{rel}","templated":true}]}}