


{"id":4033,"date":"2016-01-19T00:10:05","date_gmt":"2016-01-18T23:10:05","guid":{"rendered":"http:\/\/multiblog.educacion.navarra.es\/jmoranch\/?p=4033"},"modified":"2016-01-19T00:10:05","modified_gmt":"2016-01-18T23:10:05","slug":"isaba-dia-2","status":"publish","type":"post","link":"https:\/\/multiblog.educacion.navarra.es\/jmoranch\/2016\/01\/19\/isaba-dia-2\/","title":{"rendered":"Isaba, d\u00eda 2"},"content":{"rendered":"<p>Primer d\u00eda de esqu\u00ed \ud83d\ude00<\/p>\n<p style=\"text-align: justify;\">Ten\u00edamos nieve en El Ferial y, adem\u00e1s, ha estado nevando toda la ma\u00f1ana. Despu\u00e9s de recoger el equipo, los chavales han comenzado a dar sus primeros pasos sobre la nieve con los monitores.<\/p>\n<p style=\"text-align: justify;\">Algunos lo han hecho mejor que otros, pero todos se han quitado el miedo y seguro que ma\u00f1ana comienzan los descensos r\u00e1pidos y los giros temerarios por todas las pistas.<\/p>\n<p style=\"text-align: justify;\">Por la tarde hemos ido a Roncal. All\u00ed hemos visitado el Centro de Interpretaci\u00f3n de la Naturaleza donde hemos conocido c\u00f3mo se form\u00f3 el Valle de Roncal, qu\u00e9 localidades lo conforman y nos han contado muchas cosas sobre la fauna y la flora del valle. Despu\u00e9s, hemos estado haciendo unos juegos en el front\u00f3n relacionados con el cuidado medioambiental.<\/p>\n<p style=\"text-align: justify;\">De vuelta a los alojamientos, despu\u00e9s de cenar, algunos han salido a dar un corto paseo por Isaba, pero la mayor\u00eda nos hemos quedado jugando a juegos de mesa. Hoy estamos m\u00e1s cansados y se nota.<\/p>\n<p style=\"text-align: justify;\">A partir de ma\u00f1ana se espera mejor tiempo, as\u00ed que esperemos que se pueda aprovechar a tope.<\/p>\n<p style=\"text-align: justify;\">Intentaremos realizar una nueva emisi\u00f3n en <em>streaming<\/em> ma\u00f1ana por la noche desde otro alojamiento \ud83d\ude09<\/p>\n<p style=\"text-align: justify;\">Aqu\u00ed ten\u00e9is fotos del d\u00eda (faltan unas cuantas de otra c\u00e1mara). Los v\u00eddeos que hemos podido grabar\u00a0<em>\u00a0<\/em><em>pesan<\/em> mucho, as\u00ed que los subiremos a la vuelta.<\/p>\n<p style=\"text-align: justify;\">\n<p><embed type=\"application\/x-shockwave-flash\" src=\"https:\/\/photos.gstatic.com\/media\/slideshow.swf\" width=\"600\" height=\"400\" flashvars=\"host=picasaweb.google.com&#038;hl=es&#038;feat=flashalbum&#038;RGB=0x000000&#038;feed=https%3A%2F%2Fpicasaweb.google.com%2Fdata%2Ffeed%2Fapi%2Fuser%2F107759604684419803714%2Falbumid%2F6241248051467238065%3Falt%3Drss%26kind%3Dphoto%26hl%3Des\" pluginspage=\"http:\/\/www.macromedia.com\/go\/getflashplayer\"><\/embed><\/p>\n","protected":false},"excerpt":{"rendered":"<p>Primer d\u00eda de esqu\u00ed \ud83d\ude00 Ten\u00edamos nieve en El Ferial y, adem\u00e1s, ha estado nevando toda la ma\u00f1ana. Despu\u00e9s de recoger el equipo, los chavales han comenzado a dar sus primeros pasos sobre la nieve con los monitores. Algunos lo han hecho mejor que otros, pero todos se han quitado el miedo y seguro que [&hellip;]<\/p>\n","protected":false},"author":164,"featured_media":0,"comment_status":"open","ping_status":"open","sticky":false,"template":"","format":"standard","meta":{"_genesis_hide_title":false,"_genesis_hide_breadcrumbs":false,"_genesis_hide_singular_image":false,"_genesis_hide_footer_widgets":false,"_genesis_custom_body_class":"","_genesis_custom_post_class":"","_genesis_layout":""},"categories":[1],"tags":[],"_links":{"self":[{"href":"https:\/\/multiblog.educacion.navarra.es\/jmoranch\/wp-json\/wp\/v2\/posts\/4033"}],"collection":[{"href":"https:\/\/multiblog.educacion.navarra.es\/jmoranch\/wp-json\/wp\/v2\/posts"}],"about":[{"href":"https:\/\/multiblog.educacion.navarra.es\/jmoranch\/wp-json\/wp\/v2\/types\/post"}],"author":[{"embeddable":true,"href":"https:\/\/multiblog.educacion.navarra.es\/jmoranch\/wp-json\/wp\/v2\/users\/164"}],"replies":[{"embeddable":true,"href":"https:\/\/multiblog.educacion.navarra.es\/jmoranch\/wp-json\/wp\/v2\/comments?post=4033"}],"version-history":[{"count":0,"href":"https:\/\/multiblog.educacion.navarra.es\/jmoranch\/wp-json\/wp\/v2\/posts\/4033\/revisions"}],"wp:attachment":[{"href":"https:\/\/multiblog.educacion.navarra.es\/jmoranch\/wp-json\/wp\/v2\/media?parent=4033"}],"wp:term":[{"taxonomy":"category","embeddable":true,"href":"https:\/\/multiblog.educacion.navarra.es\/jmoranch\/wp-json\/wp\/v2\/categories?post=4033"},{"taxonomy":"post_tag","embeddable":true,"href":"https:\/\/multiblog.educacion.navarra.es\/jmoranch\/wp-json\/wp\/v2\/tags?post=4033"}],"curies":[{"name":"wp","href":"https:\/\/api.w.org\/{rel}","templated":true}]}}