


{"id":4031,"date":"2016-01-18T00:46:22","date_gmt":"2016-01-17T23:46:22","guid":{"rendered":"http:\/\/multiblog.educacion.navarra.es\/jmoranch\/?p=4031"},"modified":"2016-01-18T00:46:22","modified_gmt":"2016-01-17T23:46:22","slug":"isaba-dia-1","status":"publish","type":"post","link":"https:\/\/multiblog.educacion.navarra.es\/jmoranch\/2016\/01\/18\/isaba-dia-1\/","title":{"rendered":"Isaba, d\u00eda 1"},"content":{"rendered":"<p>Hemos llegado a Isaba sin problemas. No tenemos muy buena conexi\u00f3n a internet, as\u00ed que intentar\u00e9 subir las fotos al blog, pero no estoy seguro de poder hacerlo todos los d\u00edas.<\/p>\n<p>En Twitter, al menos, os pondr\u00e9 algunas de ellas y el enlace a los \u00e1lbumes cuando consiga subir las fotos a internet. Perdonad si se repite alguna, pero las fotos que subo a Twitter casi no las veo, as\u00ed que van\u00a0<em>a ojo\u00a0<\/em>(precisamente lo que me falla a m\u00ed&#8230;)<\/p>\n<p>En cualquier caso, chicos y chicas est\u00e1n perfectamente y no ha habido casos exagerados de\u00a0<em>morri\u00f1a<\/em>\u00a0\ud83d\ude09<\/p>\n<p>Tenemos nieve, pero parece ser que ma\u00f1ana llover\u00e1, as\u00ed que no sabemos si podremos esquiar. Nos ha tocado en el primer turno, as\u00ed que tendremos que levantarnos a las 7 de la ma\u00f1ana. A alguno ya le ha empezado a hacer da\u00f1o la noticia&#8230; \ud83d\ude1b<\/p>\n<p>Ma\u00f1ana m\u00e1s.<\/p>\n<p><embed type=\"application\/x-shockwave-flash\" src=\"https:\/\/photos.gstatic.com\/media\/slideshow.swf\" width=\"600\" height=\"400\" flashvars=\"host=picasaweb.google.com&#038;hl=es&#038;feat=flashalbum&#038;RGB=0x000000&#038;feed=https%3A%2F%2Fpicasaweb.google.com%2Fdata%2Ffeed%2Fapi%2Fuser%2F107759604684419803714%2Falbumid%2F6240897189805799617%3Falt%3Drss%26kind%3Dphoto%26hl%3Des\" pluginspage=\"http:\/\/www.macromedia.com\/go\/getflashplayer\"><\/embed><\/p>\n","protected":false},"excerpt":{"rendered":"<p>Hemos llegado a Isaba sin problemas. No tenemos muy buena conexi\u00f3n a internet, as\u00ed que intentar\u00e9 subir las fotos al blog, pero no estoy seguro de poder hacerlo todos los d\u00edas. En Twitter, al menos, os pondr\u00e9 algunas de ellas y el enlace a los \u00e1lbumes cuando consiga subir las fotos a internet. Perdonad si [&hellip;]<\/p>\n","protected":false},"author":164,"featured_media":0,"comment_status":"open","ping_status":"open","sticky":false,"template":"","format":"standard","meta":{"_genesis_hide_title":false,"_genesis_hide_breadcrumbs":false,"_genesis_hide_singular_image":false,"_genesis_hide_footer_widgets":false,"_genesis_custom_body_class":"","_genesis_custom_post_class":"","_genesis_layout":""},"categories":[1],"tags":[],"_links":{"self":[{"href":"https:\/\/multiblog.educacion.navarra.es\/jmoranch\/wp-json\/wp\/v2\/posts\/4031"}],"collection":[{"href":"https:\/\/multiblog.educacion.navarra.es\/jmoranch\/wp-json\/wp\/v2\/posts"}],"about":[{"href":"https:\/\/multiblog.educacion.navarra.es\/jmoranch\/wp-json\/wp\/v2\/types\/post"}],"author":[{"embeddable":true,"href":"https:\/\/multiblog.educacion.navarra.es\/jmoranch\/wp-json\/wp\/v2\/users\/164"}],"replies":[{"embeddable":true,"href":"https:\/\/multiblog.educacion.navarra.es\/jmoranch\/wp-json\/wp\/v2\/comments?post=4031"}],"version-history":[{"count":0,"href":"https:\/\/multiblog.educacion.navarra.es\/jmoranch\/wp-json\/wp\/v2\/posts\/4031\/revisions"}],"wp:attachment":[{"href":"https:\/\/multiblog.educacion.navarra.es\/jmoranch\/wp-json\/wp\/v2\/media?parent=4031"}],"wp:term":[{"taxonomy":"category","embeddable":true,"href":"https:\/\/multiblog.educacion.navarra.es\/jmoranch\/wp-json\/wp\/v2\/categories?post=4031"},{"taxonomy":"post_tag","embeddable":true,"href":"https:\/\/multiblog.educacion.navarra.es\/jmoranch\/wp-json\/wp\/v2\/tags?post=4031"}],"curies":[{"name":"wp","href":"https:\/\/api.w.org\/{rel}","templated":true}]}}