


{"id":4028,"date":"2015-12-20T20:58:07","date_gmt":"2015-12-20T19:58:07","guid":{"rendered":"http:\/\/multiblog.educacion.navarra.es\/jmoranch\/?p=4028"},"modified":"2015-12-20T20:58:07","modified_gmt":"2015-12-20T19:58:07","slug":"microrrelatos","status":"publish","type":"post","link":"https:\/\/multiblog.educacion.navarra.es\/jmoranch\/2015\/12\/20\/microrrelatos\/","title":{"rendered":"Microrrelatos"},"content":{"rendered":"<p style=\"text-align: justify;\">Durante los meses de noviembre y diciembre hemos celebrado un concurso de <em>microrrelatos\u00a0<\/em>en el que, despu\u00e9s de varias rondas, semifinales y final, en las votaciones se impuso C\u00e9sar a Eva por muy pocos puntos.<\/p>\n<p style=\"text-align: justify;\">El objetivo era que le cogierais el gusto a escribir y que os dierais cuenta de que se puede contar una historia, transmitir una idea, etc. con pocas palabras si aprendemos a sintetizar y elaborar las palabras. Esto lo conseguimos con mayor o menor fortuna; pero, en general, los relatos fueron mejorando con el tiempo. Los relatos ten\u00edan que tener un m\u00e1ximo de 100 palabras y se logr\u00f3 llegar a crear una historia de&#8230;\u00a117 palabras!<\/p>\n<p style=\"text-align: justify;\">Os dejo aqu\u00ed los que me han parecido m\u00e1s interesantes para que los teng\u00e1is de recuerdo en el futuro.<\/p>\n<p style=\"text-align: justify;\">Espero que os hay\u00e1is divertido con la experiencia.<\/p>\n<p><iframe loading=\"lazy\" src=\"https:\/\/app.box.com\/embed\/preview\/ebhgdiz6lcdx391enbc00z75bq3etyyf?theme=dark\" width=\"100%\" height=\"480\" frameborder=\"0\" allowfullscreen=\"allowfullscreen\"><\/iframe><\/p>\n","protected":false},"excerpt":{"rendered":"<p>Durante los meses de noviembre y diciembre hemos celebrado un concurso de microrrelatos\u00a0en el que, despu\u00e9s de varias rondas, semifinales y final, en las votaciones se impuso C\u00e9sar a Eva por muy pocos puntos. El objetivo era que le cogierais el gusto a escribir y que os dierais cuenta de que se puede contar una [&hellip;]<\/p>\n","protected":false},"author":164,"featured_media":0,"comment_status":"open","ping_status":"open","sticky":false,"template":"","format":"standard","meta":{"_genesis_hide_title":false,"_genesis_hide_breadcrumbs":false,"_genesis_hide_singular_image":false,"_genesis_hide_footer_widgets":false,"_genesis_custom_body_class":"","_genesis_custom_post_class":"","_genesis_layout":""},"categories":[1],"tags":[],"_links":{"self":[{"href":"https:\/\/multiblog.educacion.navarra.es\/jmoranch\/wp-json\/wp\/v2\/posts\/4028"}],"collection":[{"href":"https:\/\/multiblog.educacion.navarra.es\/jmoranch\/wp-json\/wp\/v2\/posts"}],"about":[{"href":"https:\/\/multiblog.educacion.navarra.es\/jmoranch\/wp-json\/wp\/v2\/types\/post"}],"author":[{"embeddable":true,"href":"https:\/\/multiblog.educacion.navarra.es\/jmoranch\/wp-json\/wp\/v2\/users\/164"}],"replies":[{"embeddable":true,"href":"https:\/\/multiblog.educacion.navarra.es\/jmoranch\/wp-json\/wp\/v2\/comments?post=4028"}],"version-history":[{"count":0,"href":"https:\/\/multiblog.educacion.navarra.es\/jmoranch\/wp-json\/wp\/v2\/posts\/4028\/revisions"}],"wp:attachment":[{"href":"https:\/\/multiblog.educacion.navarra.es\/jmoranch\/wp-json\/wp\/v2\/media?parent=4028"}],"wp:term":[{"taxonomy":"category","embeddable":true,"href":"https:\/\/multiblog.educacion.navarra.es\/jmoranch\/wp-json\/wp\/v2\/categories?post=4028"},{"taxonomy":"post_tag","embeddable":true,"href":"https:\/\/multiblog.educacion.navarra.es\/jmoranch\/wp-json\/wp\/v2\/tags?post=4028"}],"curies":[{"name":"wp","href":"https:\/\/api.w.org\/{rel}","templated":true}]}}