


{"id":4021,"date":"2015-11-06T01:05:57","date_gmt":"2015-11-06T00:05:57","guid":{"rendered":"http:\/\/multiblog.educacion.navarra.es\/jmoranch\/?p=4021"},"modified":"2015-11-06T01:06:38","modified_gmt":"2015-11-06T00:06:38","slug":"arte-en-el-siglo-xix","status":"publish","type":"post","link":"https:\/\/multiblog.educacion.navarra.es\/jmoranch\/2015\/11\/06\/arte-en-el-siglo-xix\/","title":{"rendered":"Arte en el siglo XIX"},"content":{"rendered":"<p>Os dejo enlaces a visitas virtuales de diferentes edificios creados por Gaud\u00ed. Tambi\u00e9n os pongo un par de enlaces sobre Goya y su obra en el Museo del Prado, para el que quiera aprender un poquito m\u00e1s sobre lo que hemos visto sobre el arte en el siglo XIX.<\/p>\n<h2 style=\"text-align: center;\"><strong><em><a href=\"http:\/\/viewer.spainisculture.com\/hdimages\/Pedrera\/Pedrera\/index.html?lang=es\" target=\"_blank\">Visita virtual Casa Mil\u00e1<\/a><\/em><\/strong><\/h2>\n<p style=\"text-align: center;\"><a href=\"https:\/\/www.museodelprado.es\/pradomedia\/multimedia\/la-familia-de-carlos-iv-goya\/?pm_cat=2&amp;pm_subcat=10&amp;pm_video=on&amp;pm_audio=on&amp;pm_interactivo=on\"><img loading=\"lazy\" class=\"alignnone wp-image-4023\" src=\"http:\/\/multiblog.educacion.navarra.es\/jmoranch\/files\/2015\/11\/Figura-2015-11-06-a-las-1.06.55-300x210.png\" alt=\"Figura 2015-11-06 a las 1.06.55\" width=\"389\" height=\"272\" srcset=\"https:\/\/multiblog.educacion.navarra.es\/jmoranch\/files\/2015\/11\/Figura-2015-11-06-a-las-1.06.55-300x210.png 300w, https:\/\/multiblog.educacion.navarra.es\/jmoranch\/files\/2015\/11\/Figura-2015-11-06-a-las-1.06.55.png 811w\" sizes=\"(max-width: 389px) 100vw, 389px\" \/><\/a><\/p>\n<h2 style=\"text-align: center;\"><em><strong><a href=\"https:\/\/www.casabatllo.es\/tour-virtual\/\" target=\"_blank\">Tour virtual Casa Batl\u00f3\u00a0<\/a><\/strong><\/em><\/h2>\n<h2 style=\"text-align: center;\"><em><strong><a href=\"http:\/\/www.sagradafamilia.org\/es\/visita-virtual\/\" target=\"_blank\">Visita virtual La Sagrada Familia<\/a><\/strong><\/em><\/h2>\n<h2 style=\"text-align: center;\"><em><strong><a href=\"http:\/\/www.parkguell.es\/tour\/\" target=\"_blank\">Parque G\u00fcell<\/a><\/strong><\/em><\/h2>\n<h2 style=\"text-align: center;\"><em><strong><a href=\"https:\/\/www.museodelprado.es\/goya-en-el-prado\/inicio\/\" target=\"_blank\">Goya en el Museo del Prado<\/a><\/strong><\/em><\/h2>\n<h2 style=\"text-align: center;\"><em><strong><a href=\"https:\/\/www.museodelprado.es\/pradomedia\/multimedia\/la-familia-de-carlos-iv-goya\/?pm_cat=2&amp;pm_subcat=10&amp;pm_video=on&amp;pm_audio=on&amp;pm_interactivo=on\" target=\"_blank\">Audiogu\u00eda La familia de Carlos IV<\/a><\/strong><\/em><\/h2>\n<p style=\"text-align: center;\"><a href=\"https:\/\/www.museodelprado.es\/pradomedia\/multimedia\/la-familia-de-carlos-iv-goya\/?pm_cat=2&amp;pm_subcat=10&amp;pm_video=on&amp;pm_audio=on&amp;pm_interactivo=on\" target=\"_blank\"><img loading=\"lazy\" class=\"alignnone wp-image-4022\" src=\"http:\/\/multiblog.educacion.navarra.es\/jmoranch\/files\/2015\/11\/Figura-2015-11-06-a-las-1.06.06-300x148.png\" alt=\"Figura 2015-11-06 a las 1.06.06\" width=\"529\" height=\"261\" srcset=\"https:\/\/multiblog.educacion.navarra.es\/jmoranch\/files\/2015\/11\/Figura-2015-11-06-a-las-1.06.06-300x148.png 300w, https:\/\/multiblog.educacion.navarra.es\/jmoranch\/files\/2015\/11\/Figura-2015-11-06-a-las-1.06.06.png 916w\" sizes=\"(max-width: 529px) 100vw, 529px\" \/><\/a><\/p>\n","protected":false},"excerpt":{"rendered":"<p>Os dejo enlaces a visitas virtuales de diferentes edificios creados por Gaud\u00ed. Tambi\u00e9n os pongo un par de enlaces sobre Goya y su obra en el Museo del Prado, para el que quiera aprender un poquito m\u00e1s sobre lo que hemos visto sobre el arte en el siglo XIX. Visita virtual Casa Mil\u00e1 Tour virtual [&hellip;]<\/p>\n","protected":false},"author":164,"featured_media":0,"comment_status":"open","ping_status":"open","sticky":false,"template":"","format":"standard","meta":{"_genesis_hide_title":false,"_genesis_hide_breadcrumbs":false,"_genesis_hide_singular_image":false,"_genesis_hide_footer_widgets":false,"_genesis_custom_body_class":"","_genesis_custom_post_class":"","_genesis_layout":""},"categories":[1],"tags":[],"_links":{"self":[{"href":"https:\/\/multiblog.educacion.navarra.es\/jmoranch\/wp-json\/wp\/v2\/posts\/4021"}],"collection":[{"href":"https:\/\/multiblog.educacion.navarra.es\/jmoranch\/wp-json\/wp\/v2\/posts"}],"about":[{"href":"https:\/\/multiblog.educacion.navarra.es\/jmoranch\/wp-json\/wp\/v2\/types\/post"}],"author":[{"embeddable":true,"href":"https:\/\/multiblog.educacion.navarra.es\/jmoranch\/wp-json\/wp\/v2\/users\/164"}],"replies":[{"embeddable":true,"href":"https:\/\/multiblog.educacion.navarra.es\/jmoranch\/wp-json\/wp\/v2\/comments?post=4021"}],"version-history":[{"count":0,"href":"https:\/\/multiblog.educacion.navarra.es\/jmoranch\/wp-json\/wp\/v2\/posts\/4021\/revisions"}],"wp:attachment":[{"href":"https:\/\/multiblog.educacion.navarra.es\/jmoranch\/wp-json\/wp\/v2\/media?parent=4021"}],"wp:term":[{"taxonomy":"category","embeddable":true,"href":"https:\/\/multiblog.educacion.navarra.es\/jmoranch\/wp-json\/wp\/v2\/categories?post=4021"},{"taxonomy":"post_tag","embeddable":true,"href":"https:\/\/multiblog.educacion.navarra.es\/jmoranch\/wp-json\/wp\/v2\/tags?post=4021"}],"curies":[{"name":"wp","href":"https:\/\/api.w.org\/{rel}","templated":true}]}}