


{"id":4015,"date":"2015-09-16T20:08:43","date_gmt":"2015-09-16T18:08:43","guid":{"rendered":"http:\/\/multiblog.educacion.navarra.es\/jmoranch\/?p=4015"},"modified":"2015-09-16T20:08:43","modified_gmt":"2015-09-16T18:08:43","slug":"tartessos","status":"publish","type":"post","link":"https:\/\/multiblog.educacion.navarra.es\/jmoranch\/2015\/09\/16\/tartessos\/","title":{"rendered":"Tartessos"},"content":{"rendered":"<p style=\"text-align: justify;\">Como hemos visto que en el libro nos aparec\u00eda una referencia a Tartessos, aqu\u00ed ten\u00e9is un poco m\u00e1s de informaci\u00f3n sobre ellos. En el primer enlace pod\u00e9is ver un resumen que explica qu\u00e9 fue Tartessos. Despu\u00e9s pod\u00e9is ver dos v\u00eddeos (uno de media hora y otro de una hora) para los que est\u00e9is m\u00e1s interesados en aprender sobre este pueblo.<\/p>\n<h2 style=\"text-align: center;\"><strong><em><a href=\"https:\/\/sites.google.com\/site\/geohistoriantigua\/espana-antigua\/tartessos\" target=\"_blank\">Tartessos (Geohistoria)<\/a><\/em><\/strong><\/h2>\n<p style=\"text-align: justify;\"><a href=\"https:\/\/sites.google.com\/site\/geohistoriantigua\/espana-antigua\/tartessos\" target=\"_blank\"><img loading=\"lazy\" class=\"aligncenter wp-image-4017 size-medium\" src=\"http:\/\/multiblog.educacion.navarra.es\/jmoranch\/files\/2015\/09\/Figura-2015-09-16-a-las-20.10.05-300x63.png\" alt=\"Figura 2015-09-16 a las 20.10.05\" width=\"300\" height=\"63\" srcset=\"https:\/\/multiblog.educacion.navarra.es\/jmoranch\/files\/2015\/09\/Figura-2015-09-16-a-las-20.10.05-300x63.png 300w, https:\/\/multiblog.educacion.navarra.es\/jmoranch\/files\/2015\/09\/Figura-2015-09-16-a-las-20.10.05.png 617w\" sizes=\"(max-width: 300px) 100vw, 300px\" \/><\/a><\/p>\n<p style=\"text-align: justify;\">\n<p style=\"text-align: center;\"><iframe width=\"500\" height=\"281\" src=\"https:\/\/www.youtube.com\/embed\/m9h0nJRl3zE?feature=oembed\" frameborder=\"0\" allow=\"autoplay; encrypted-media\" allowfullscreen><\/iframe><\/p>\n<p style=\"text-align: center;\">\n<p style=\"text-align: center;\"><strong><em><a href=\"http:\/\/www.rtve.es\/alacarta\/videos\/memoria-de-espana\/memoria-espana-tarteso-reino-legendario-argantorio\/3196607\/\" target=\"_blank\">Tarteso, el reino legendario de Argantorio (Memoria de Espa\u00f1a. RTVE)<\/a><\/em><\/strong><\/p>\n<p style=\"text-align: center;\"><a href=\"http:\/\/www.rtve.es\/alacarta\/videos\/memoria-de-espana\/memoria-espana-tarteso-reino-legendario-argantorio\/3196607\/\" target=\"_blank\"><img loading=\"lazy\" class=\"alignnone wp-image-4016\" src=\"http:\/\/multiblog.educacion.navarra.es\/jmoranch\/files\/2015\/09\/Figura-2015-09-16-a-las-20.08.13-300x153.png\" alt=\"Figura 2015-09-16 a las 20.08.13\" width=\"447\" height=\"228\" srcset=\"https:\/\/multiblog.educacion.navarra.es\/jmoranch\/files\/2015\/09\/Figura-2015-09-16-a-las-20.08.13-300x153.png 300w, https:\/\/multiblog.educacion.navarra.es\/jmoranch\/files\/2015\/09\/Figura-2015-09-16-a-las-20.08.13.png 891w\" sizes=\"(max-width: 447px) 100vw, 447px\" \/><\/a><\/p>\n","protected":false},"excerpt":{"rendered":"<p>Como hemos visto que en el libro nos aparec\u00eda una referencia a Tartessos, aqu\u00ed ten\u00e9is un poco m\u00e1s de informaci\u00f3n sobre ellos. En el primer enlace pod\u00e9is ver un resumen que explica qu\u00e9 fue Tartessos. Despu\u00e9s pod\u00e9is ver dos v\u00eddeos (uno de media hora y otro de una hora) para los que est\u00e9is m\u00e1s interesados [&hellip;]<\/p>\n","protected":false},"author":164,"featured_media":0,"comment_status":"open","ping_status":"open","sticky":false,"template":"","format":"standard","meta":{"_genesis_hide_title":false,"_genesis_hide_breadcrumbs":false,"_genesis_hide_singular_image":false,"_genesis_hide_footer_widgets":false,"_genesis_custom_body_class":"","_genesis_custom_post_class":"","_genesis_layout":""},"categories":[1],"tags":[],"_links":{"self":[{"href":"https:\/\/multiblog.educacion.navarra.es\/jmoranch\/wp-json\/wp\/v2\/posts\/4015"}],"collection":[{"href":"https:\/\/multiblog.educacion.navarra.es\/jmoranch\/wp-json\/wp\/v2\/posts"}],"about":[{"href":"https:\/\/multiblog.educacion.navarra.es\/jmoranch\/wp-json\/wp\/v2\/types\/post"}],"author":[{"embeddable":true,"href":"https:\/\/multiblog.educacion.navarra.es\/jmoranch\/wp-json\/wp\/v2\/users\/164"}],"replies":[{"embeddable":true,"href":"https:\/\/multiblog.educacion.navarra.es\/jmoranch\/wp-json\/wp\/v2\/comments?post=4015"}],"version-history":[{"count":0,"href":"https:\/\/multiblog.educacion.navarra.es\/jmoranch\/wp-json\/wp\/v2\/posts\/4015\/revisions"}],"wp:attachment":[{"href":"https:\/\/multiblog.educacion.navarra.es\/jmoranch\/wp-json\/wp\/v2\/media?parent=4015"}],"wp:term":[{"taxonomy":"category","embeddable":true,"href":"https:\/\/multiblog.educacion.navarra.es\/jmoranch\/wp-json\/wp\/v2\/categories?post=4015"},{"taxonomy":"post_tag","embeddable":true,"href":"https:\/\/multiblog.educacion.navarra.es\/jmoranch\/wp-json\/wp\/v2\/tags?post=4015"}],"curies":[{"name":"wp","href":"https:\/\/api.w.org\/{rel}","templated":true}]}}