


{"id":4007,"date":"2015-07-06T19:32:06","date_gmt":"2015-07-06T17:32:06","guid":{"rendered":"http:\/\/multiblog.educacion.navarra.es\/jmoranch\/?p=4007"},"modified":"2015-07-06T19:33:30","modified_gmt":"2015-07-06T17:33:30","slug":"4007","status":"publish","type":"post","link":"https:\/\/multiblog.educacion.navarra.es\/jmoranch\/2015\/07\/06\/4007\/","title":{"rendered":"Resoluci\u00f3n de problemas"},"content":{"rendered":"<p style=\"text-align: justify;\">Voy a incluir en los recursos para el verano unas colecciones de problemas. Os los dejo aqu\u00ed tambi\u00e9n, para que el que quiera trabajar un poquito tenga un f\u00e1cil acceso a ellos.<\/p>\n<p style=\"text-align: justify;\">Tambi\u00e9n os dejo un documento de autoayuda en el que se os indica qu\u00e9 pasos hay que realizar antes de enfrentarse a un problema matem\u00e1tico.<\/p>\n<p style=\"text-align: justify;\">Estos materiales los he visto y tomado prestados de <em><strong><a href=\"http:\/\/www.orientacionandujar.es\/\" target=\"_blank\">Orientaci\u00f3n And\u00fajar<\/a>;\u00a0<\/strong><\/em>en este magn\u00edfico blog pod\u00e9is encontrar muchos m\u00e1s recursos para repasar lo que hemos estudiado durante el curso.<\/p>\n<p><span style=\"color: #800000;\"><em><strong>\u00bfQu\u00e9 pasos seguir para hacer un problema?<\/strong><\/em><\/span><\/p>\n<p><iframe loading=\"lazy\" src=\"https:\/\/app.box.com\/embed\/preview\/svpndhjz0jh4fegycyjs28wr2xrxfmvm?theme=dark\" width=\"600\" height=\"400\" frameborder=\"0\" allowfullscreen=\"allowfullscreen\"><\/iframe><\/p>\n<p style=\"text-align: justify;\">El primer documento tiene problemas para todos los ciclos; <em><strong><span style=\"color: #800000;\">los de Tercer Ciclo se encuentran hacia el final.<\/span><\/strong><\/em><br \/>\n<iframe loading=\"lazy\" src=\"https:\/\/app.box.com\/embed\/preview\/swvr42c1w33443h72b7dscesa49gimbl?theme=dark\" width=\"600\" height=\"400\" frameborder=\"0\" allowfullscreen=\"allowfullscreen\"><\/iframe><\/p>\n<p style=\"text-align: justify;\">En este documento todos los problemas son <em><strong><span style=\"color: #800000;\">para quinto curso, as\u00ed que \u00a1a por ellos! \ud83d\ude09<\/span><\/strong><\/em><br \/>\n<iframe loading=\"lazy\" src=\"https:\/\/app.box.com\/embed\/preview\/9muod3b93hl61wftf8hfvvrs6oenjr4s?theme=dark\" width=\"600\" height=\"400\" frameborder=\"0\" allowfullscreen=\"allowfullscreen\"><\/iframe><\/p>\n","protected":false},"excerpt":{"rendered":"<p>Voy a incluir en los recursos para el verano unas colecciones de problemas. Os los dejo aqu\u00ed tambi\u00e9n, para que el que quiera trabajar un poquito tenga un f\u00e1cil acceso a ellos. Tambi\u00e9n os dejo un documento de autoayuda en el que se os indica qu\u00e9 pasos hay que realizar antes de enfrentarse a un [&hellip;]<\/p>\n","protected":false},"author":164,"featured_media":0,"comment_status":"open","ping_status":"open","sticky":false,"template":"","format":"standard","meta":{"_genesis_hide_title":false,"_genesis_hide_breadcrumbs":false,"_genesis_hide_singular_image":false,"_genesis_hide_footer_widgets":false,"_genesis_custom_body_class":"","_genesis_custom_post_class":"","_genesis_layout":""},"categories":[1],"tags":[],"_links":{"self":[{"href":"https:\/\/multiblog.educacion.navarra.es\/jmoranch\/wp-json\/wp\/v2\/posts\/4007"}],"collection":[{"href":"https:\/\/multiblog.educacion.navarra.es\/jmoranch\/wp-json\/wp\/v2\/posts"}],"about":[{"href":"https:\/\/multiblog.educacion.navarra.es\/jmoranch\/wp-json\/wp\/v2\/types\/post"}],"author":[{"embeddable":true,"href":"https:\/\/multiblog.educacion.navarra.es\/jmoranch\/wp-json\/wp\/v2\/users\/164"}],"replies":[{"embeddable":true,"href":"https:\/\/multiblog.educacion.navarra.es\/jmoranch\/wp-json\/wp\/v2\/comments?post=4007"}],"version-history":[{"count":0,"href":"https:\/\/multiblog.educacion.navarra.es\/jmoranch\/wp-json\/wp\/v2\/posts\/4007\/revisions"}],"wp:attachment":[{"href":"https:\/\/multiblog.educacion.navarra.es\/jmoranch\/wp-json\/wp\/v2\/media?parent=4007"}],"wp:term":[{"taxonomy":"category","embeddable":true,"href":"https:\/\/multiblog.educacion.navarra.es\/jmoranch\/wp-json\/wp\/v2\/categories?post=4007"},{"taxonomy":"post_tag","embeddable":true,"href":"https:\/\/multiblog.educacion.navarra.es\/jmoranch\/wp-json\/wp\/v2\/tags?post=4007"}],"curies":[{"name":"wp","href":"https:\/\/api.w.org\/{rel}","templated":true}]}}