


{"id":4005,"date":"2015-06-21T18:35:30","date_gmt":"2015-06-21T16:35:30","guid":{"rendered":"http:\/\/multiblog.educacion.navarra.es\/jmoranch\/?p=4005"},"modified":"2015-06-21T18:40:07","modified_gmt":"2015-06-21T16:40:07","slug":"fin-de-curso","status":"publish","type":"post","link":"https:\/\/multiblog.educacion.navarra.es\/jmoranch\/2015\/06\/21\/fin-de-curso\/","title":{"rendered":"Fin de curso"},"content":{"rendered":"<p style=\"text-align: justify;\">Aqu\u00ed os dejo las fotograf\u00edas del <strong><em>viaje a Madrid<\/em><\/strong> y del <em><strong>\u00faltimo d\u00eda de clase<\/strong><\/em>. Del viaje hay casi 1300 fotos; si alguien las quiere en buena resoluci\u00f3n, llevar\u00e9 una copia al colegio para que os la vay\u00e1is pasando. Aprovecho para agradecer su visita a mis alumn@s del curso pasado y, a los actuales, tambi\u00e9n quiero agradecerles el regalo que me hicieron y el cari\u00f1o mostrado durante todo el a\u00f1o.<\/p>\n<p style=\"text-align: center;\"><span style=\"color: #800000;\"><em><strong>\u00a1Que pas\u00e9is feliz verano!<\/strong><\/em><\/span><\/p>\n<p style=\"text-align: justify;\">[shashin type=&#8221;album&#8221; id=&#8221;161,162&#8243; size=&#8221;medium&#8221; crop=&#8221;n&#8221; columns=&#8221;max&#8221; caption=&#8221;y&#8221; order=&#8221;date&#8221; position=&#8221;center&#8221;]<\/p>\n","protected":false},"excerpt":{"rendered":"<p>Aqu\u00ed os dejo las fotograf\u00edas del viaje a Madrid y del \u00faltimo d\u00eda de clase. Del viaje hay casi 1300 fotos; si alguien las quiere en buena resoluci\u00f3n, llevar\u00e9 una copia al colegio para que os la vay\u00e1is pasando. Aprovecho para agradecer su visita a mis alumn@s del curso pasado y, a los actuales, tambi\u00e9n [&hellip;]<\/p>\n","protected":false},"author":164,"featured_media":0,"comment_status":"open","ping_status":"open","sticky":false,"template":"","format":"standard","meta":{"_genesis_hide_title":false,"_genesis_hide_breadcrumbs":false,"_genesis_hide_singular_image":false,"_genesis_hide_footer_widgets":false,"_genesis_custom_body_class":"","_genesis_custom_post_class":"","_genesis_layout":""},"categories":[1],"tags":[],"_links":{"self":[{"href":"https:\/\/multiblog.educacion.navarra.es\/jmoranch\/wp-json\/wp\/v2\/posts\/4005"}],"collection":[{"href":"https:\/\/multiblog.educacion.navarra.es\/jmoranch\/wp-json\/wp\/v2\/posts"}],"about":[{"href":"https:\/\/multiblog.educacion.navarra.es\/jmoranch\/wp-json\/wp\/v2\/types\/post"}],"author":[{"embeddable":true,"href":"https:\/\/multiblog.educacion.navarra.es\/jmoranch\/wp-json\/wp\/v2\/users\/164"}],"replies":[{"embeddable":true,"href":"https:\/\/multiblog.educacion.navarra.es\/jmoranch\/wp-json\/wp\/v2\/comments?post=4005"}],"version-history":[{"count":0,"href":"https:\/\/multiblog.educacion.navarra.es\/jmoranch\/wp-json\/wp\/v2\/posts\/4005\/revisions"}],"wp:attachment":[{"href":"https:\/\/multiblog.educacion.navarra.es\/jmoranch\/wp-json\/wp\/v2\/media?parent=4005"}],"wp:term":[{"taxonomy":"category","embeddable":true,"href":"https:\/\/multiblog.educacion.navarra.es\/jmoranch\/wp-json\/wp\/v2\/categories?post=4005"},{"taxonomy":"post_tag","embeddable":true,"href":"https:\/\/multiblog.educacion.navarra.es\/jmoranch\/wp-json\/wp\/v2\/tags?post=4005"}],"curies":[{"name":"wp","href":"https:\/\/api.w.org\/{rel}","templated":true}]}}