


{"id":4003,"date":"2015-06-15T13:00:18","date_gmt":"2015-06-15T11:00:18","guid":{"rendered":"http:\/\/multiblog.educacion.navarra.es\/jmoranch\/?p=4003"},"modified":"2015-06-15T00:30:37","modified_gmt":"2015-06-14T22:30:37","slug":"trabajos-de-clase","status":"publish","type":"post","link":"https:\/\/multiblog.educacion.navarra.es\/jmoranch\/2015\/06\/15\/trabajos-de-clase\/","title":{"rendered":"Trabajos de clase"},"content":{"rendered":"<p style=\"text-align: justify;\">En clase hemos\u00a0decorado y montado\u00a0el desarrollo de algunos <span style=\"color: #800000;\"><strong><em>cuerpos geom\u00e9tricos<\/em><\/strong><\/span>, para conocer sus caracter\u00edsticas y aprender sus nombres. Aqu\u00ed ten\u00e9is como han quedado y algunas fotos\u00a0que tom\u00e9 mientras los hac\u00edais.<\/p>\n<p style=\"text-align: justify;\">[shashin type=&#8221;album&#8221; id=&#8221;160&#8243; size=&#8221;medium&#8221; crop=&#8221;n&#8221; columns=&#8221;max&#8221; caption=&#8221;y&#8221; order=&#8221;date&#8221; position=&#8221;center&#8221;]<\/p>\n<p style=\"text-align: justify;\">Tambi\u00e9n os dejo algunos ejemplos de los <span style=\"color: #800000;\"><strong><em>herbarios<\/em><\/strong><\/span> que se animaron a hacer <span style=\"color: #003300;\"><em><strong>Eva, Irene, Ibai y Alejandro<\/strong><\/em><\/span>, con motivo del estudio del reino de las plantas en Ciencias Naturales.<\/p>\n<p style=\"text-align: center;\"><span style=\"color: #003300;\"><em><strong>\u00a1Enhorabuena por vuestro trabajo!<\/strong><\/em><\/span><\/p>\n<p style=\"text-align: justify;\">[shashin type=&#8221;album&#8221; id=&#8221;159&#8243; size=&#8221;medium&#8221; crop=&#8221;n&#8221; columns=&#8221;max&#8221; caption=&#8221;y&#8221; order=&#8221;date&#8221; position=&#8221;center&#8221;]<\/p>\n","protected":false},"excerpt":{"rendered":"<p>En clase hemos\u00a0decorado y montado\u00a0el desarrollo de algunos cuerpos geom\u00e9tricos, para conocer sus caracter\u00edsticas y aprender sus nombres. Aqu\u00ed ten\u00e9is como han quedado y algunas fotos\u00a0que tom\u00e9 mientras los hac\u00edais. [shashin type=&#8221;album&#8221; id=&#8221;160&#8243; size=&#8221;medium&#8221; crop=&#8221;n&#8221; columns=&#8221;max&#8221; caption=&#8221;y&#8221; order=&#8221;date&#8221; position=&#8221;center&#8221;] Tambi\u00e9n os dejo algunos ejemplos de los herbarios que se animaron a hacer Eva, Irene, Ibai [&hellip;]<\/p>\n","protected":false},"author":164,"featured_media":0,"comment_status":"open","ping_status":"open","sticky":false,"template":"","format":"standard","meta":{"_genesis_hide_title":false,"_genesis_hide_breadcrumbs":false,"_genesis_hide_singular_image":false,"_genesis_hide_footer_widgets":false,"_genesis_custom_body_class":"","_genesis_custom_post_class":"","_genesis_layout":""},"categories":[1],"tags":[],"_links":{"self":[{"href":"https:\/\/multiblog.educacion.navarra.es\/jmoranch\/wp-json\/wp\/v2\/posts\/4003"}],"collection":[{"href":"https:\/\/multiblog.educacion.navarra.es\/jmoranch\/wp-json\/wp\/v2\/posts"}],"about":[{"href":"https:\/\/multiblog.educacion.navarra.es\/jmoranch\/wp-json\/wp\/v2\/types\/post"}],"author":[{"embeddable":true,"href":"https:\/\/multiblog.educacion.navarra.es\/jmoranch\/wp-json\/wp\/v2\/users\/164"}],"replies":[{"embeddable":true,"href":"https:\/\/multiblog.educacion.navarra.es\/jmoranch\/wp-json\/wp\/v2\/comments?post=4003"}],"version-history":[{"count":0,"href":"https:\/\/multiblog.educacion.navarra.es\/jmoranch\/wp-json\/wp\/v2\/posts\/4003\/revisions"}],"wp:attachment":[{"href":"https:\/\/multiblog.educacion.navarra.es\/jmoranch\/wp-json\/wp\/v2\/media?parent=4003"}],"wp:term":[{"taxonomy":"category","embeddable":true,"href":"https:\/\/multiblog.educacion.navarra.es\/jmoranch\/wp-json\/wp\/v2\/categories?post=4003"},{"taxonomy":"post_tag","embeddable":true,"href":"https:\/\/multiblog.educacion.navarra.es\/jmoranch\/wp-json\/wp\/v2\/tags?post=4003"}],"curies":[{"name":"wp","href":"https:\/\/api.w.org\/{rel}","templated":true}]}}