


{"id":4002,"date":"2015-06-15T00:09:08","date_gmt":"2015-06-14T22:09:08","guid":{"rendered":"http:\/\/multiblog.educacion.navarra.es\/jmoranch\/?p=4002"},"modified":"2015-06-15T00:23:28","modified_gmt":"2015-06-14T22:23:28","slug":"picasso-y-miro","status":"publish","type":"post","link":"https:\/\/multiblog.educacion.navarra.es\/jmoranch\/2015\/06\/15\/picasso-y-miro\/","title":{"rendered":"Picasso y Mir\u00f3"},"content":{"rendered":"<p style=\"text-align: justify;\"><strong>Picasso<\/strong> y <strong>Mir\u00f3<\/strong> son 2 de los pintores cuyas obras vamos a poder admirar en nuestro viaje a Madrid. En clase hemos <em>&#8220;redecorado&#8221;<\/em> el <em><strong>Guernica de Picasso<\/strong><\/em>, a la vez que analizamos\u00a0algunos aspectos del cuadro y aprendimos un poco de su historia.<\/p>\n<p style=\"text-align: justify;\">En <strong><em>la clase de 5\u00baA<\/em><\/strong>, adem\u00e1s, tambi\u00e9n aprendieron algunas caracter\u00edsticas de las<strong><em> obras de Mir\u00f3<\/em><\/strong> y se animaron a montar una <strong><em>exposici\u00f3n<\/em><\/strong> y a pintar algunos cuadros originales siguiendo su t\u00e9cnica.<\/p>\n<p style=\"text-align: justify;\">Si hac\u00e9is click en el \u00e1lbum podr\u00e9is ver el resultado.<\/p>\n<p>[shashin type=&#8221;album&#8221; id=&#8221;158&#8243; size=&#8221;large&#8221; crop=&#8221;n&#8221; columns=&#8221;max&#8221; caption=&#8221;y&#8221; order=&#8221;date&#8221; position=&#8221;center&#8221;]<\/p>\n","protected":false},"excerpt":{"rendered":"<p>Picasso y Mir\u00f3 son 2 de los pintores cuyas obras vamos a poder admirar en nuestro viaje a Madrid. En clase hemos &#8220;redecorado&#8221; el Guernica de Picasso, a la vez que analizamos\u00a0algunos aspectos del cuadro y aprendimos un poco de su historia. En la clase de 5\u00baA, adem\u00e1s, tambi\u00e9n aprendieron algunas caracter\u00edsticas de las obras [&hellip;]<\/p>\n","protected":false},"author":164,"featured_media":0,"comment_status":"open","ping_status":"open","sticky":false,"template":"","format":"standard","meta":{"_genesis_hide_title":false,"_genesis_hide_breadcrumbs":false,"_genesis_hide_singular_image":false,"_genesis_hide_footer_widgets":false,"_genesis_custom_body_class":"","_genesis_custom_post_class":"","_genesis_layout":""},"categories":[1],"tags":[],"_links":{"self":[{"href":"https:\/\/multiblog.educacion.navarra.es\/jmoranch\/wp-json\/wp\/v2\/posts\/4002"}],"collection":[{"href":"https:\/\/multiblog.educacion.navarra.es\/jmoranch\/wp-json\/wp\/v2\/posts"}],"about":[{"href":"https:\/\/multiblog.educacion.navarra.es\/jmoranch\/wp-json\/wp\/v2\/types\/post"}],"author":[{"embeddable":true,"href":"https:\/\/multiblog.educacion.navarra.es\/jmoranch\/wp-json\/wp\/v2\/users\/164"}],"replies":[{"embeddable":true,"href":"https:\/\/multiblog.educacion.navarra.es\/jmoranch\/wp-json\/wp\/v2\/comments?post=4002"}],"version-history":[{"count":0,"href":"https:\/\/multiblog.educacion.navarra.es\/jmoranch\/wp-json\/wp\/v2\/posts\/4002\/revisions"}],"wp:attachment":[{"href":"https:\/\/multiblog.educacion.navarra.es\/jmoranch\/wp-json\/wp\/v2\/media?parent=4002"}],"wp:term":[{"taxonomy":"category","embeddable":true,"href":"https:\/\/multiblog.educacion.navarra.es\/jmoranch\/wp-json\/wp\/v2\/categories?post=4002"},{"taxonomy":"post_tag","embeddable":true,"href":"https:\/\/multiblog.educacion.navarra.es\/jmoranch\/wp-json\/wp\/v2\/tags?post=4002"}],"curies":[{"name":"wp","href":"https:\/\/api.w.org\/{rel}","templated":true}]}}