


{"id":4001,"date":"2015-06-13T09:29:38","date_gmt":"2015-06-13T07:29:38","guid":{"rendered":"http:\/\/multiblog.educacion.navarra.es\/jmoranch\/?p=4001"},"modified":"2015-06-13T09:31:37","modified_gmt":"2015-06-13T07:31:37","slug":"informacion-de-ultima-hora","status":"publish","type":"post","link":"https:\/\/multiblog.educacion.navarra.es\/jmoranch\/2015\/06\/13\/informacion-de-ultima-hora\/","title":{"rendered":"Informaci\u00f3n de \u00faltima hora para Madrid"},"content":{"rendered":"<p>El lunes nos vamos \u00a0a Madrid de viaje de fin de curso. Recordad que <strong>salimos a las 6,30 h. <em>(s\u00ed, de la ma\u00f1ana)<\/em><\/strong>, as\u00ed que <span style=\"color: #800000;\"><strong>hay que estar en la parada de autobuses a las 6,15 a.m.<\/strong> <\/span>porque el autob\u00fas no espera a nadie.<a href=\"http:\/\/www.reaj.com\/images\/albergues\/Madrid\/aj_richardschirrmann\/richard_schirrmann3.jpg\"><img loading=\"lazy\" class=\"alignright\" src=\"http:\/\/www.reaj.com\/images\/albergues\/Madrid\/aj_richardschirrmann\/richard_schirrmann3.jpg\" alt=\"\" width=\"299\" height=\"220\" \/><\/a><\/p>\n<p>Acordaos de tomar lo necesario para el mareo y, como consejo, si os sol\u00e9is marear, <span style=\"color: #800000;\"><strong>no tom\u00e9is un desayuno demasiado l\u00edquido<\/strong><\/span>. Es mejor tomar algunas galletas, un yogur, etc.<\/p>\n<p>Os recuerdo aqu\u00ed lo necesario para el viaje y as\u00ed podr\u00e9is revisar la maleta:<\/p>\n<p style=\"padding-left: 60px;\">* Mochila para llevar encima todo el d\u00eda.<\/p>\n<p style=\"padding-left: 60px;\">* Toalla, chanclas, neceser (gel, champ\u00fa, crema solar&#8230;)<\/p>\n<p style=\"padding-left: 60px;\">* Ropa interior para tres d\u00edas.<\/p>\n<p style=\"padding-left: 60px;\">* Calzado c\u00f3modo (2 pares), calcetines.<\/p>\n<p style=\"padding-left: 60px;\">* Pantalones para tres d\u00edas; camisetas y gorras que nos regalaron (2 azules y 1 verde). El lunes salimos con la azul que nos proporcion\u00f3 el Bar Cotton.<\/p>\n<p style=\"padding-left: 60px;\">* Prenda de abrigo por si hace fr\u00edo.<\/p>\n<p style=\"padding-left: 60px;\">* M\u00f3vil y cargador.<\/p>\n<p style=\"padding-left: 60px;\">* Comida para el primer d\u00eda.<\/p>\n<p style=\"padding-left: 60px;\">*2 botellas peque\u00f1as de agua.<\/p>\n<p style=\"padding-left: 60px;\">* Dejar preparada la ropa para cambiarse a la vuelta en una bolsa espec\u00edfica.<\/p>\n<p style=\"padding-left: 60px;\">* <span style=\"color: #800000;\"><em><strong>Ganas de pas\u00e1rselo bien y dejar a nuestro pueblo en un buen lugar<\/strong> <strong>por nuestro comportamiento que va a ser ejemplar, \u00bfa que s\u00ed? \ud83d\ude09<\/strong><\/em><\/span><\/p>\n<p>A los pap\u00e1s y mam\u00e1s les recuerdo que iremos subiendo fotograf\u00edas a <strong><em>Twitter<\/em><\/strong>. Podr\u00e9is seguirnos en el hashtag <strong><em>#viaje2015madrid<\/em> <\/strong>o a trav\u00e9s del widget que hay en la barra lateral derecha del blog.<\/p>\n<p>Intentar\u00e9\u00a0subir alguna entrada directamente al blog, pero no s\u00e9 c\u00f3mo andaremos de cobertura, as\u00ed que no lo puedo asegurar.<\/p>\n<p><span style=\"color: #800000;\"><em><strong>\u00a1Nos vemos el lunes!<\/strong><\/em><\/span><\/p>\n<p>&nbsp;<\/p>\n","protected":false},"excerpt":{"rendered":"<p>El lunes nos vamos \u00a0a Madrid de viaje de fin de curso. Recordad que salimos a las 6,30 h. (s\u00ed, de la ma\u00f1ana), as\u00ed que hay que estar en la parada de autobuses a las 6,15 a.m. porque el autob\u00fas no espera a nadie. Acordaos de tomar lo necesario para el mareo y, como consejo, [&hellip;]<\/p>\n","protected":false},"author":164,"featured_media":0,"comment_status":"open","ping_status":"open","sticky":false,"template":"","format":"standard","meta":{"_genesis_hide_title":false,"_genesis_hide_breadcrumbs":false,"_genesis_hide_singular_image":false,"_genesis_hide_footer_widgets":false,"_genesis_custom_body_class":"","_genesis_custom_post_class":"","_genesis_layout":""},"categories":[1],"tags":[],"_links":{"self":[{"href":"https:\/\/multiblog.educacion.navarra.es\/jmoranch\/wp-json\/wp\/v2\/posts\/4001"}],"collection":[{"href":"https:\/\/multiblog.educacion.navarra.es\/jmoranch\/wp-json\/wp\/v2\/posts"}],"about":[{"href":"https:\/\/multiblog.educacion.navarra.es\/jmoranch\/wp-json\/wp\/v2\/types\/post"}],"author":[{"embeddable":true,"href":"https:\/\/multiblog.educacion.navarra.es\/jmoranch\/wp-json\/wp\/v2\/users\/164"}],"replies":[{"embeddable":true,"href":"https:\/\/multiblog.educacion.navarra.es\/jmoranch\/wp-json\/wp\/v2\/comments?post=4001"}],"version-history":[{"count":0,"href":"https:\/\/multiblog.educacion.navarra.es\/jmoranch\/wp-json\/wp\/v2\/posts\/4001\/revisions"}],"wp:attachment":[{"href":"https:\/\/multiblog.educacion.navarra.es\/jmoranch\/wp-json\/wp\/v2\/media?parent=4001"}],"wp:term":[{"taxonomy":"category","embeddable":true,"href":"https:\/\/multiblog.educacion.navarra.es\/jmoranch\/wp-json\/wp\/v2\/categories?post=4001"},{"taxonomy":"post_tag","embeddable":true,"href":"https:\/\/multiblog.educacion.navarra.es\/jmoranch\/wp-json\/wp\/v2\/tags?post=4001"}],"curies":[{"name":"wp","href":"https:\/\/api.w.org\/{rel}","templated":true}]}}