


{"id":3999,"date":"2015-06-09T19:52:50","date_gmt":"2015-06-09T17:52:50","guid":{"rendered":"http:\/\/multiblog.educacion.navarra.es\/jmoranch\/?p=3999"},"modified":"2015-06-09T19:52:50","modified_gmt":"2015-06-09T17:52:50","slug":"viaje-a-madrid-2","status":"publish","type":"post","link":"https:\/\/multiblog.educacion.navarra.es\/jmoranch\/2015\/06\/09\/viaje-a-madrid-2\/","title":{"rendered":"Viaje a Madrid"},"content":{"rendered":"<p style=\"text-align: justify;\">Como lleva siendo\u00a0<em>tradici\u00f3n<\/em> desde hace algunos cursos, este a\u00f1o tambi\u00e9n vamos a ir de viaje de fin de curso a Madrid.<\/p>\n<p style=\"text-align: justify;\">Pasaremos 3 d\u00edas fuera de casa, visitando diferentes lugares, museos y monumentos de gran importancia hist\u00f3rica y patrimonial. Adem\u00e1s, como el curso que viene estudiaremos la historia moderna y contempor\u00e1nea, nos servir\u00e1 para haber conocido de primera mano algunos de estos monumentos, palacios, obras de arte, etc.<\/p>\n<p style=\"text-align: justify;\">Con motivo del viaje, los alumnos y alumnas de quinto han realizado un peque\u00f1o proyecto en el que han investigado y recopilado informaci\u00f3n sobre los diferentes lugares que vamos a visitar, artistas y obras de arte, han preparado rutas y normas de comportamiento, presupuestos y han utilizado diferentes herramientas online para presentar los resultados. Hemos recogido lo que han hecho los chavales en una p\u00e1gina web, realizada en Wix, donde han ido subiendo su trabajo.<\/p>\n<p style=\"text-align: justify;\">Desde aqu\u00ed se puede acceder a dicha p\u00e1gina web llamada <strong><em><a href=\"http:\/\/quintoabcd.wix.com\/premaletas2015\" target=\"_blank\">&#8220;Preparamos las maletas 2015&#8221;<\/a><\/em><\/strong>. Esperamos que os guste.<\/p>\n<p style=\"text-align: justify;\"><a href=\"http:\/\/quintoabcd.wix.com\/premaletas2015\"><img loading=\"lazy\" class=\"aligncenter\" src=\"https:\/\/dl.dropboxusercontent.com\/u\/22891806\/capturas%20blog\/cap1171.png\" alt=\"\" width=\"662\" height=\"426\" \/><\/a><\/p>\n<p style=\"text-align: justify;\">\n","protected":false},"excerpt":{"rendered":"<p>Como lleva siendo\u00a0tradici\u00f3n desde hace algunos cursos, este a\u00f1o tambi\u00e9n vamos a ir de viaje de fin de curso a Madrid. Pasaremos 3 d\u00edas fuera de casa, visitando diferentes lugares, museos y monumentos de gran importancia hist\u00f3rica y patrimonial. Adem\u00e1s, como el curso que viene estudiaremos la historia moderna y contempor\u00e1nea, nos servir\u00e1 para haber [&hellip;]<\/p>\n","protected":false},"author":164,"featured_media":0,"comment_status":"open","ping_status":"open","sticky":false,"template":"","format":"standard","meta":{"_genesis_hide_title":false,"_genesis_hide_breadcrumbs":false,"_genesis_hide_singular_image":false,"_genesis_hide_footer_widgets":false,"_genesis_custom_body_class":"","_genesis_custom_post_class":"","_genesis_layout":""},"categories":[1],"tags":[],"_links":{"self":[{"href":"https:\/\/multiblog.educacion.navarra.es\/jmoranch\/wp-json\/wp\/v2\/posts\/3999"}],"collection":[{"href":"https:\/\/multiblog.educacion.navarra.es\/jmoranch\/wp-json\/wp\/v2\/posts"}],"about":[{"href":"https:\/\/multiblog.educacion.navarra.es\/jmoranch\/wp-json\/wp\/v2\/types\/post"}],"author":[{"embeddable":true,"href":"https:\/\/multiblog.educacion.navarra.es\/jmoranch\/wp-json\/wp\/v2\/users\/164"}],"replies":[{"embeddable":true,"href":"https:\/\/multiblog.educacion.navarra.es\/jmoranch\/wp-json\/wp\/v2\/comments?post=3999"}],"version-history":[{"count":0,"href":"https:\/\/multiblog.educacion.navarra.es\/jmoranch\/wp-json\/wp\/v2\/posts\/3999\/revisions"}],"wp:attachment":[{"href":"https:\/\/multiblog.educacion.navarra.es\/jmoranch\/wp-json\/wp\/v2\/media?parent=3999"}],"wp:term":[{"taxonomy":"category","embeddable":true,"href":"https:\/\/multiblog.educacion.navarra.es\/jmoranch\/wp-json\/wp\/v2\/categories?post=3999"},{"taxonomy":"post_tag","embeddable":true,"href":"https:\/\/multiblog.educacion.navarra.es\/jmoranch\/wp-json\/wp\/v2\/tags?post=3999"}],"curies":[{"name":"wp","href":"https:\/\/api.w.org\/{rel}","templated":true}]}}