


{"id":3996,"date":"2015-05-28T08:02:43","date_gmt":"2015-05-28T06:02:43","guid":{"rendered":"http:\/\/multiblog.educacion.navarra.es\/jmoranch\/?p=3996"},"modified":"2015-05-28T08:09:20","modified_gmt":"2015-05-28T06:09:20","slug":"angulos","status":"publish","type":"post","link":"https:\/\/multiblog.educacion.navarra.es\/jmoranch\/2015\/05\/28\/angulos\/","title":{"rendered":"\u00c1ngulos"},"content":{"rendered":"<p style=\"text-align: justify;\">Os dejo una lista de reproducci\u00f3n de YouTube con 5 v\u00eddeos \u00a0en los que se muestra c\u00f3mo medir, dibujar \u00e1ngulos y c\u00f3mo se dibuja tambi\u00e9n la mediatriz de un segmento y la bisectriz un \u00e1ngulo dado.<\/p>\n<p style=\"text-align: justify;\">Os puede servir para repasar por si se os olvida lo explicado en clase.<\/p>\n<p><iframe loading=\"lazy\" src=\"https:\/\/www.youtube.com\/embed\/videoseries?list=PLMgVesaIEHqCEuPzQIUuyf0TKuD3o2Dzr\" width=\"640\" height=\"360\" frameborder=\"0\" allowfullscreen=\"allowfullscreen\"><\/iframe><\/p>\n","protected":false},"excerpt":{"rendered":"<p>Os dejo una lista de reproducci\u00f3n de YouTube con 5 v\u00eddeos \u00a0en los que se muestra c\u00f3mo medir, dibujar \u00e1ngulos y c\u00f3mo se dibuja tambi\u00e9n la mediatriz de un segmento y la bisectriz un \u00e1ngulo dado. Os puede servir para repasar por si se os olvida lo explicado en clase.<\/p>\n","protected":false},"author":164,"featured_media":0,"comment_status":"open","ping_status":"open","sticky":false,"template":"","format":"standard","meta":{"_genesis_hide_title":false,"_genesis_hide_breadcrumbs":false,"_genesis_hide_singular_image":false,"_genesis_hide_footer_widgets":false,"_genesis_custom_body_class":"","_genesis_custom_post_class":"","_genesis_layout":""},"categories":[1],"tags":[],"_links":{"self":[{"href":"https:\/\/multiblog.educacion.navarra.es\/jmoranch\/wp-json\/wp\/v2\/posts\/3996"}],"collection":[{"href":"https:\/\/multiblog.educacion.navarra.es\/jmoranch\/wp-json\/wp\/v2\/posts"}],"about":[{"href":"https:\/\/multiblog.educacion.navarra.es\/jmoranch\/wp-json\/wp\/v2\/types\/post"}],"author":[{"embeddable":true,"href":"https:\/\/multiblog.educacion.navarra.es\/jmoranch\/wp-json\/wp\/v2\/users\/164"}],"replies":[{"embeddable":true,"href":"https:\/\/multiblog.educacion.navarra.es\/jmoranch\/wp-json\/wp\/v2\/comments?post=3996"}],"version-history":[{"count":0,"href":"https:\/\/multiblog.educacion.navarra.es\/jmoranch\/wp-json\/wp\/v2\/posts\/3996\/revisions"}],"wp:attachment":[{"href":"https:\/\/multiblog.educacion.navarra.es\/jmoranch\/wp-json\/wp\/v2\/media?parent=3996"}],"wp:term":[{"taxonomy":"category","embeddable":true,"href":"https:\/\/multiblog.educacion.navarra.es\/jmoranch\/wp-json\/wp\/v2\/categories?post=3996"},{"taxonomy":"post_tag","embeddable":true,"href":"https:\/\/multiblog.educacion.navarra.es\/jmoranch\/wp-json\/wp\/v2\/tags?post=3996"}],"curies":[{"name":"wp","href":"https:\/\/api.w.org\/{rel}","templated":true}]}}