


{"id":3995,"date":"2015-05-25T22:43:39","date_gmt":"2015-05-25T20:43:39","guid":{"rendered":"http:\/\/multiblog.educacion.navarra.es\/jmoranch\/?p=3995"},"modified":"2015-05-25T22:44:53","modified_gmt":"2015-05-25T20:44:53","slug":"el-guernica","status":"publish","type":"post","link":"https:\/\/multiblog.educacion.navarra.es\/jmoranch\/2015\/05\/25\/el-guernica\/","title":{"rendered":"El Guernica"},"content":{"rendered":"<p style=\"text-align: justify;\"><em><strong>El Guernica<\/strong><\/em> es, quiz\u00e1s, el cuadro m\u00e1s famoso de <strong><em>Pablo Picasso<\/em><\/strong>. Es un imponente lienzo\u00a0de casi 8 metros de ancho por 3,5 de alto, pintado en 1937 y que fue pintado por la noticia de los bombardeos efectuados sobre la villa vasca de Guernica <strong><em>durante la Guerra Civil Espa\u00f1ola<\/em><\/strong>. Este cuadro se convirti\u00f3\u00a0en un\u00a0\u00a0s\u00edmbolo del sufrimiento que causa\u00a0la guerra y es uno de las obras de arte m\u00e1s importantes del siglo XX.<\/p>\n<p style=\"text-align: justify;\">Como sab\u00e9is, en nuestro viaje de fin de curso a Madrid, vamos a poder admirarlo en el <strong><em><a href=\"http:\/\/www.museoreinasofia.es\/coleccion\/obra\/guernica\" target=\"_blank\">Museo Reina Sof\u00eda<\/a><\/em><\/strong> y vamos a hacer una sencilla\u00a0actividad en la que vais a colorear\u00a0este cuadro vosotros mismos.<\/p>\n<p style=\"text-align: justify;\">Pero antes, hay que conocer un poco m\u00e1s esta obra de arte.<\/p>\n<p style=\"text-align: justify;\">En primer lugar, pod\u00e9is echar un vistazo a <a href=\"http:\/\/estaticos.elmundo.es\/elmundo\/2006\/graficos\/jun\/s1\/el_guernica_25.swf\" target=\"_blank\"><strong><em>este sitio interactivo de<\/em> <em>El Mundo<\/em><\/strong><\/a>, para conocer m\u00e1s a fondo el cuadro. S\u00f3lo ten\u00e9is que ir pulsando en el bot\u00f3n\u00a0<em><strong><a href=\"http:\/\/estaticos.elmundo.es\/elmundo\/2006\/graficos\/jun\/s1\/el_guernica_25.swf\" target=\"_blank\">play<\/a><\/strong><\/em>.<\/p>\n<p style=\"text-align: justify;\"><a href=\"http:\/\/estaticos.elmundo.es\/elmundo\/2006\/graficos\/jun\/s1\/el_guernica_25.swf\"><img loading=\"lazy\" class=\"aligncenter\" src=\"https:\/\/dl.dropboxusercontent.com\/u\/22891806\/capturas%20blog\/cap1170.png\" alt=\"\" width=\"450\" height=\"211\" \/><\/a><\/p>\n<p style=\"text-align: justify;\">Os dejo tambi\u00e9n 2 presentaciones de diapositivas con las que podr\u00e9is conocer y entender un poco m\u00e1s los personajes de la composici\u00f3n.<\/p>\n<p style=\"text-align: center;\"><iframe src=\"https:\/\/www.slideshare.net\/slideshow\/embed_code\/48580754\" width=\"450\" height=\"375\" frameborder=\"0\" marginwidth=\"0\" marginheight=\"0\" scrolling=\"no\"><\/iframe><br\/><\/p>\n<p style=\"text-align: center;\"><iframe src=\"https:\/\/www.slideshare.net\/slideshow\/embed_code\/48580762\" width=\"450\" height=\"375\" frameborder=\"0\" marginwidth=\"0\" marginheight=\"0\" scrolling=\"no\"><\/iframe><br\/><\/p>\n<p style=\"text-align: justify;\">Por \u00faltimo, vais a\u00a0<strong><em>colorear<\/em><\/strong> vosotros mismos el <em><strong>Guernica<\/strong><\/em>. <strong><em>Utilizad vuestra imaginaci\u00f3n y creatividad<\/em><\/strong>. Pod\u00e9is pintar de diferentes colores los personajes, las escenas o utilizar el estilo que prefir\u00e1is. Dejo aqu\u00ed la plantilla que ten\u00e9is que utilizar y un ejemplo de lo que se persigue.<\/p>\n<p style=\"text-align: justify;\"><a href=\"https:\/\/dl.dropboxusercontent.com\/u\/22891806\/capturas%20blog\/guernica_bn.jpg\"><img loading=\"lazy\" class=\"aligncenter\" src=\"https:\/\/dl.dropboxusercontent.com\/u\/22891806\/capturas%20blog\/guernica_bn.jpg\" alt=\"\" width=\"308\" height=\"218\" \/><\/a><\/p>\n<p style=\"text-align: justify;\"><a href=\"https:\/\/dl.dropboxusercontent.com\/u\/22891806\/capturas%20blog\/guernica_color.jpg\"><img loading=\"lazy\" class=\"aligncenter\" src=\"https:\/\/dl.dropboxusercontent.com\/u\/22891806\/capturas%20blog\/guernica_color.jpg\" alt=\"\" width=\"254\" height=\"311\" \/><\/a><\/p>\n<p style=\"text-align: justify;\">Para acabar, un v\u00eddeo muy chulo que muestra el <em><strong>Guernica<\/strong><\/em> <strong><em>en 3 dimensiones<\/em><\/strong>. Simplemente para que lo disfrut\u00e9is.<\/p>\n<p style=\"text-align: center;\"><iframe width=\"500\" height=\"375\" src=\"https:\/\/www.youtube.com\/embed\/jc1Nfx4c5LQ?feature=oembed\" frameborder=\"0\" allow=\"autoplay; encrypted-media\" allowfullscreen><\/iframe><\/p>\n","protected":false},"excerpt":{"rendered":"<p>El Guernica es, quiz\u00e1s, el cuadro m\u00e1s famoso de Pablo Picasso. Es un imponente lienzo\u00a0de casi 8 metros de ancho por 3,5 de alto, pintado en 1937 y que fue pintado por la noticia de los bombardeos efectuados sobre la villa vasca de Guernica durante la Guerra Civil Espa\u00f1ola. Este cuadro se convirti\u00f3\u00a0en un\u00a0\u00a0s\u00edmbolo del [&hellip;]<\/p>\n","protected":false},"author":164,"featured_media":0,"comment_status":"open","ping_status":"open","sticky":false,"template":"","format":"standard","meta":{"_genesis_hide_title":false,"_genesis_hide_breadcrumbs":false,"_genesis_hide_singular_image":false,"_genesis_hide_footer_widgets":false,"_genesis_custom_body_class":"","_genesis_custom_post_class":"","_genesis_layout":""},"categories":[1],"tags":[],"_links":{"self":[{"href":"https:\/\/multiblog.educacion.navarra.es\/jmoranch\/wp-json\/wp\/v2\/posts\/3995"}],"collection":[{"href":"https:\/\/multiblog.educacion.navarra.es\/jmoranch\/wp-json\/wp\/v2\/posts"}],"about":[{"href":"https:\/\/multiblog.educacion.navarra.es\/jmoranch\/wp-json\/wp\/v2\/types\/post"}],"author":[{"embeddable":true,"href":"https:\/\/multiblog.educacion.navarra.es\/jmoranch\/wp-json\/wp\/v2\/users\/164"}],"replies":[{"embeddable":true,"href":"https:\/\/multiblog.educacion.navarra.es\/jmoranch\/wp-json\/wp\/v2\/comments?post=3995"}],"version-history":[{"count":0,"href":"https:\/\/multiblog.educacion.navarra.es\/jmoranch\/wp-json\/wp\/v2\/posts\/3995\/revisions"}],"wp:attachment":[{"href":"https:\/\/multiblog.educacion.navarra.es\/jmoranch\/wp-json\/wp\/v2\/media?parent=3995"}],"wp:term":[{"taxonomy":"category","embeddable":true,"href":"https:\/\/multiblog.educacion.navarra.es\/jmoranch\/wp-json\/wp\/v2\/categories?post=3995"},{"taxonomy":"post_tag","embeddable":true,"href":"https:\/\/multiblog.educacion.navarra.es\/jmoranch\/wp-json\/wp\/v2\/tags?post=3995"}],"curies":[{"name":"wp","href":"https:\/\/api.w.org\/{rel}","templated":true}]}}