


{"id":3979,"date":"2015-03-28T22:17:29","date_gmt":"2015-03-28T21:17:29","guid":{"rendered":"http:\/\/multiblog.educacion.navarra.es\/jmoranch\/?p=3979"},"modified":"2015-03-28T22:25:52","modified_gmt":"2015-03-28T21:25:52","slug":"actividades-de-clase","status":"publish","type":"post","link":"https:\/\/multiblog.educacion.navarra.es\/jmoranch\/2015\/03\/28\/actividades-de-clase\/","title":{"rendered":"Actividades de clase"},"content":{"rendered":"<p style=\"text-align: justify;\">Os dejo las fotos de algunas de las actividades de clase que hemos hecho las \u00faltimas semanas. Entre ellas, las fotos de la charla de Educaci\u00f3n Vial que nos dieron el otro d\u00eda, los p\u00f3sters que hicimos sobre las CCAA y para el D\u00eda del \u00c1rbol, y las obras de arte que hicisteis para el Concurso sobre el Patrimonio Nacional.<\/p>\n<p style=\"text-align: justify;\">[shashin type=&#8221;album&#8221; id=&#8221;154,155,157,156&#8243; size=&#8221;medium&#8221; crop=&#8221;n&#8221; columns=&#8221;max&#8221; caption=&#8221;y&#8221; order=&#8221;date&#8221; position=&#8221;center&#8221;]<\/p>\n","protected":false},"excerpt":{"rendered":"<p>Os dejo las fotos de algunas de las actividades de clase que hemos hecho las \u00faltimas semanas. Entre ellas, las fotos de la charla de Educaci\u00f3n Vial que nos dieron el otro d\u00eda, los p\u00f3sters que hicimos sobre las CCAA y para el D\u00eda del \u00c1rbol, y las obras de arte que hicisteis para el [&hellip;]<\/p>\n","protected":false},"author":164,"featured_media":0,"comment_status":"open","ping_status":"open","sticky":false,"template":"","format":"standard","meta":{"_genesis_hide_title":false,"_genesis_hide_breadcrumbs":false,"_genesis_hide_singular_image":false,"_genesis_hide_footer_widgets":false,"_genesis_custom_body_class":"","_genesis_custom_post_class":"","_genesis_layout":""},"categories":[1],"tags":[],"_links":{"self":[{"href":"https:\/\/multiblog.educacion.navarra.es\/jmoranch\/wp-json\/wp\/v2\/posts\/3979"}],"collection":[{"href":"https:\/\/multiblog.educacion.navarra.es\/jmoranch\/wp-json\/wp\/v2\/posts"}],"about":[{"href":"https:\/\/multiblog.educacion.navarra.es\/jmoranch\/wp-json\/wp\/v2\/types\/post"}],"author":[{"embeddable":true,"href":"https:\/\/multiblog.educacion.navarra.es\/jmoranch\/wp-json\/wp\/v2\/users\/164"}],"replies":[{"embeddable":true,"href":"https:\/\/multiblog.educacion.navarra.es\/jmoranch\/wp-json\/wp\/v2\/comments?post=3979"}],"version-history":[{"count":0,"href":"https:\/\/multiblog.educacion.navarra.es\/jmoranch\/wp-json\/wp\/v2\/posts\/3979\/revisions"}],"wp:attachment":[{"href":"https:\/\/multiblog.educacion.navarra.es\/jmoranch\/wp-json\/wp\/v2\/media?parent=3979"}],"wp:term":[{"taxonomy":"category","embeddable":true,"href":"https:\/\/multiblog.educacion.navarra.es\/jmoranch\/wp-json\/wp\/v2\/categories?post=3979"},{"taxonomy":"post_tag","embeddable":true,"href":"https:\/\/multiblog.educacion.navarra.es\/jmoranch\/wp-json\/wp\/v2\/tags?post=3979"}],"curies":[{"name":"wp","href":"https:\/\/api.w.org\/{rel}","templated":true}]}}