


{"id":3975,"date":"2015-03-22T14:47:50","date_gmt":"2015-03-22T13:47:50","guid":{"rendered":"http:\/\/multiblog.educacion.navarra.es\/jmoranch\/?p=3975"},"modified":"2015-03-22T14:54:36","modified_gmt":"2015-03-22T13:54:36","slug":"eclipse-solar","status":"publish","type":"post","link":"https:\/\/multiblog.educacion.navarra.es\/jmoranch\/2015\/03\/22\/eclipse-solar\/","title":{"rendered":"Eclipse solar"},"content":{"rendered":"<p style=\"text-align: justify;\">El pasado d\u00eda 20 pudimos disfrutar del \u00faltimo <a href=\"http:\/\/www.reinodelasestrellas.com\/wordpress\/wp-content\/uploads\/2015\/02\/Eclipse-Sol-20-marzo-2015-Mini-Guia-ANA-NAE.pdf\" target=\"_blank\"><strong><em>eclipse solar total<\/em><\/strong><\/a> hasta 2026. Aunque en nuestra localizaci\u00f3n no se pudo ver de forma completa, s\u00ed que tuvimos suerte y las nubes nos dejaron observar este m\u00e1gico fen\u00f3meno.<\/p>\n<p style=\"text-align: justify;\">Para verlo hicimos unos\u00a0<em>artilugios\u00a0<\/em>que nos permitieron contemplar el eclipse con seguridad. Creamos unos proyectores con tubos de cart\u00f3n como se suger\u00eda desde la <em><strong><a href=\"http:\/\/www.reinodelasestrellas.com\/eclipses-por-un-tubo\/\" target=\"_blank\">Agrupaci\u00f3n Navarra de Astronom\u00eda<\/a><\/strong><\/em>.<\/p>\n<p style=\"text-align: justify;\">Pasamos una ma\u00f1ana divertida y aprovechamos<strong><em> para explicar a\u00a0los\u00a0peques\u00a0del colegio<\/em><\/strong> qu\u00e9 es un eclipse y que pudieran tambi\u00e9n disfrutar del eclipse a trav\u00e9s de nuestros tubos.<\/p>\n<p style=\"text-align: justify;\">Haciendo click en la imagen podr\u00e9is acceder al \u00e1lbum de fotos del acontecimiento.<\/p>\n<p style=\"text-align: justify;\">[shashin type=&#8221;album&#8221; id=&#8221;153&#8243; size=&#8221;large&#8221; crop=&#8221;n&#8221; columns=&#8221;max&#8221; caption=&#8221;y&#8221; order=&#8221;date&#8221; position=&#8221;center&#8221;]<\/p>\n","protected":false},"excerpt":{"rendered":"<p>El pasado d\u00eda 20 pudimos disfrutar del \u00faltimo eclipse solar total hasta 2026. Aunque en nuestra localizaci\u00f3n no se pudo ver de forma completa, s\u00ed que tuvimos suerte y las nubes nos dejaron observar este m\u00e1gico fen\u00f3meno. Para verlo hicimos unos\u00a0artilugios\u00a0que nos permitieron contemplar el eclipse con seguridad. Creamos unos proyectores con tubos de cart\u00f3n [&hellip;]<\/p>\n","protected":false},"author":164,"featured_media":0,"comment_status":"open","ping_status":"open","sticky":false,"template":"","format":"standard","meta":{"_genesis_hide_title":false,"_genesis_hide_breadcrumbs":false,"_genesis_hide_singular_image":false,"_genesis_hide_footer_widgets":false,"_genesis_custom_body_class":"","_genesis_custom_post_class":"","_genesis_layout":""},"categories":[1],"tags":[],"_links":{"self":[{"href":"https:\/\/multiblog.educacion.navarra.es\/jmoranch\/wp-json\/wp\/v2\/posts\/3975"}],"collection":[{"href":"https:\/\/multiblog.educacion.navarra.es\/jmoranch\/wp-json\/wp\/v2\/posts"}],"about":[{"href":"https:\/\/multiblog.educacion.navarra.es\/jmoranch\/wp-json\/wp\/v2\/types\/post"}],"author":[{"embeddable":true,"href":"https:\/\/multiblog.educacion.navarra.es\/jmoranch\/wp-json\/wp\/v2\/users\/164"}],"replies":[{"embeddable":true,"href":"https:\/\/multiblog.educacion.navarra.es\/jmoranch\/wp-json\/wp\/v2\/comments?post=3975"}],"version-history":[{"count":0,"href":"https:\/\/multiblog.educacion.navarra.es\/jmoranch\/wp-json\/wp\/v2\/posts\/3975\/revisions"}],"wp:attachment":[{"href":"https:\/\/multiblog.educacion.navarra.es\/jmoranch\/wp-json\/wp\/v2\/media?parent=3975"}],"wp:term":[{"taxonomy":"category","embeddable":true,"href":"https:\/\/multiblog.educacion.navarra.es\/jmoranch\/wp-json\/wp\/v2\/categories?post=3975"},{"taxonomy":"post_tag","embeddable":true,"href":"https:\/\/multiblog.educacion.navarra.es\/jmoranch\/wp-json\/wp\/v2\/tags?post=3975"}],"curies":[{"name":"wp","href":"https:\/\/api.w.org\/{rel}","templated":true}]}}