


{"id":3974,"date":"2015-03-18T20:09:17","date_gmt":"2015-03-18T19:09:17","guid":{"rendered":"http:\/\/multiblog.educacion.navarra.es\/jmoranch\/?p=3974"},"modified":"2015-03-18T20:09:53","modified_gmt":"2015-03-18T19:09:53","slug":"las-cortes-generales","status":"publish","type":"post","link":"https:\/\/multiblog.educacion.navarra.es\/jmoranch\/2015\/03\/18\/las-cortes-generales\/","title":{"rendered":"Las Cortes Generales"},"content":{"rendered":"<p style=\"text-align: justify;\">Hemos comenzado a ver en clase las instituciones de Espa\u00f1a y hoy hemos comentado qu\u00e9 eran las <strong><em>Cortes Generales<\/em><\/strong> (<strong>Congreso<\/strong> y <strong>Senado<\/strong>).<\/p>\n<p style=\"text-align: justify;\">He encontrado 2 visitas virtuales a las sedes de dichas c\u00e1maras. La visita virtual al Senado es espectacular: pod\u00e9is poner los altavoces y hacer click en &#8220;Iniciar visita guiada&#8221; para disfrutar de un paseo por las dependencias y escuchar su historia y funci\u00f3n.<\/p>\n<p style=\"text-align: justify;\">La visita al Congreso es un poco m\u00e1s liosa (hay que aceptar que carguen algunas cosas en el ordenador), pero tambi\u00e9n puede ser interesante.<\/p>\n<p style=\"text-align: justify;\">Espero que os gusten.<\/p>\n<p style=\"text-align: center;\"><a href=\"http:\/\/www.senado.es\/visitavirtual\/es\/visita_virtual.html\" target=\"_blank\"><strong>Visita virtual al Senado<\/strong><\/a><\/p>\n<p style=\"text-align: center;\"><a href=\"http:\/\/www.senado.es\/visitavirtual\/es\/visita_virtual.html\" target=\"_blank\"><img loading=\"lazy\" class=\"aligncenter\" src=\"https:\/\/dl.dropboxusercontent.com\/u\/22891806\/capturas%20blog\/cap1139.png\" alt=\"\" width=\"435\" height=\"311\" \/><\/a><\/p>\n<p style=\"text-align: center;\"><a href=\"http:\/\/www.congreso.es\/visitanueva\/visitag.jsp?mp=1&amp;nm=1&amp;ns=110&amp;med=11\" target=\"_blank\"><strong>Visita virtual al Congreso de los Diputados<\/strong><\/a><\/p>\n<p style=\"text-align: center;\"><a href=\"http:\/\/www.congreso.es\/visitanueva\/visitag.jsp?mp=1&amp;nm=1&amp;ns=110&amp;med=11\" target=\"_blank\"><img loading=\"lazy\" class=\"aligncenter\" src=\"https:\/\/dl.dropboxusercontent.com\/u\/22891806\/capturas%20blog\/cap1140.png\" alt=\"\" width=\"449\" height=\"295\" \/><\/a><\/p>\n","protected":false},"excerpt":{"rendered":"<p>Hemos comenzado a ver en clase las instituciones de Espa\u00f1a y hoy hemos comentado qu\u00e9 eran las Cortes Generales (Congreso y Senado). He encontrado 2 visitas virtuales a las sedes de dichas c\u00e1maras. La visita virtual al Senado es espectacular: pod\u00e9is poner los altavoces y hacer click en &#8220;Iniciar visita guiada&#8221; para disfrutar de un [&hellip;]<\/p>\n","protected":false},"author":164,"featured_media":0,"comment_status":"open","ping_status":"open","sticky":false,"template":"","format":"standard","meta":{"_genesis_hide_title":false,"_genesis_hide_breadcrumbs":false,"_genesis_hide_singular_image":false,"_genesis_hide_footer_widgets":false,"_genesis_custom_body_class":"","_genesis_custom_post_class":"","_genesis_layout":""},"categories":[1],"tags":[],"_links":{"self":[{"href":"https:\/\/multiblog.educacion.navarra.es\/jmoranch\/wp-json\/wp\/v2\/posts\/3974"}],"collection":[{"href":"https:\/\/multiblog.educacion.navarra.es\/jmoranch\/wp-json\/wp\/v2\/posts"}],"about":[{"href":"https:\/\/multiblog.educacion.navarra.es\/jmoranch\/wp-json\/wp\/v2\/types\/post"}],"author":[{"embeddable":true,"href":"https:\/\/multiblog.educacion.navarra.es\/jmoranch\/wp-json\/wp\/v2\/users\/164"}],"replies":[{"embeddable":true,"href":"https:\/\/multiblog.educacion.navarra.es\/jmoranch\/wp-json\/wp\/v2\/comments?post=3974"}],"version-history":[{"count":0,"href":"https:\/\/multiblog.educacion.navarra.es\/jmoranch\/wp-json\/wp\/v2\/posts\/3974\/revisions"}],"wp:attachment":[{"href":"https:\/\/multiblog.educacion.navarra.es\/jmoranch\/wp-json\/wp\/v2\/media?parent=3974"}],"wp:term":[{"taxonomy":"category","embeddable":true,"href":"https:\/\/multiblog.educacion.navarra.es\/jmoranch\/wp-json\/wp\/v2\/categories?post=3974"},{"taxonomy":"post_tag","embeddable":true,"href":"https:\/\/multiblog.educacion.navarra.es\/jmoranch\/wp-json\/wp\/v2\/tags?post=3974"}],"curies":[{"name":"wp","href":"https:\/\/api.w.org\/{rel}","templated":true}]}}