


{"id":3973,"date":"2015-03-11T13:31:55","date_gmt":"2015-03-11T12:31:55","guid":{"rendered":"http:\/\/multiblog.educacion.navarra.es\/jmoranch\/?p=3973"},"modified":"2015-03-11T13:31:55","modified_gmt":"2015-03-11T12:31:55","slug":"exposiciones-orales-de-cono","status":"publish","type":"post","link":"https:\/\/multiblog.educacion.navarra.es\/jmoranch\/2015\/03\/11\/exposiciones-orales-de-cono\/","title":{"rendered":"Exposiciones orales de cono"},"content":{"rendered":"<p>Bueno, aqu\u00ed ten\u00e9is las exposiciones orales de 5\u00baA y 5\u00baC sobre el tema de las aguas de Espa\u00f1a. Como se puede comprobar, unos lo prepararon m\u00e1s que otros y todos pasaron nervios.<\/p>\n<p>A ver si la pr\u00f3xima sale mejor \ud83d\ude09<\/p>\n<iframe width=\"500\" height=\"375\" src=\"https:\/\/www.youtube.com\/embed\/WQ64J-KT0Z4?feature=oembed\" frameborder=\"0\" allow=\"autoplay; encrypted-media\" allowfullscreen><\/iframe>\n<iframe src=\"https:\/\/player.vimeo.com\/video\/121844841\" width=\"500\" height=\"281\" frameborder=\"0\" title=\"Hacemos de profes\" webkitallowfullscreen mozallowfullscreen allowfullscreen><\/iframe>\n","protected":false},"excerpt":{"rendered":"<p>Bueno, aqu\u00ed ten\u00e9is las exposiciones orales de 5\u00baA y 5\u00baC sobre el tema de las aguas de Espa\u00f1a. Como se puede comprobar, unos lo prepararon m\u00e1s que otros y todos pasaron nervios. A ver si la pr\u00f3xima sale mejor \ud83d\ude09<\/p>\n","protected":false},"author":164,"featured_media":0,"comment_status":"open","ping_status":"open","sticky":false,"template":"","format":"standard","meta":{"_genesis_hide_title":false,"_genesis_hide_breadcrumbs":false,"_genesis_hide_singular_image":false,"_genesis_hide_footer_widgets":false,"_genesis_custom_body_class":"","_genesis_custom_post_class":"","_genesis_layout":""},"categories":[1],"tags":[],"_links":{"self":[{"href":"https:\/\/multiblog.educacion.navarra.es\/jmoranch\/wp-json\/wp\/v2\/posts\/3973"}],"collection":[{"href":"https:\/\/multiblog.educacion.navarra.es\/jmoranch\/wp-json\/wp\/v2\/posts"}],"about":[{"href":"https:\/\/multiblog.educacion.navarra.es\/jmoranch\/wp-json\/wp\/v2\/types\/post"}],"author":[{"embeddable":true,"href":"https:\/\/multiblog.educacion.navarra.es\/jmoranch\/wp-json\/wp\/v2\/users\/164"}],"replies":[{"embeddable":true,"href":"https:\/\/multiblog.educacion.navarra.es\/jmoranch\/wp-json\/wp\/v2\/comments?post=3973"}],"version-history":[{"count":0,"href":"https:\/\/multiblog.educacion.navarra.es\/jmoranch\/wp-json\/wp\/v2\/posts\/3973\/revisions"}],"wp:attachment":[{"href":"https:\/\/multiblog.educacion.navarra.es\/jmoranch\/wp-json\/wp\/v2\/media?parent=3973"}],"wp:term":[{"taxonomy":"category","embeddable":true,"href":"https:\/\/multiblog.educacion.navarra.es\/jmoranch\/wp-json\/wp\/v2\/categories?post=3973"},{"taxonomy":"post_tag","embeddable":true,"href":"https:\/\/multiblog.educacion.navarra.es\/jmoranch\/wp-json\/wp\/v2\/tags?post=3973"}],"curies":[{"name":"wp","href":"https:\/\/api.w.org\/{rel}","templated":true}]}}