


{"id":3945,"date":"2015-02-21T19:13:56","date_gmt":"2015-02-21T18:13:56","guid":{"rendered":"http:\/\/multiblog.educacion.navarra.es\/jmoranch\/?p=3945"},"modified":"2015-02-21T19:13:56","modified_gmt":"2015-02-21T18:13:56","slug":"carnaval-2015","status":"publish","type":"post","link":"https:\/\/multiblog.educacion.navarra.es\/jmoranch\/2015\/02\/21\/carnaval-2015\/","title":{"rendered":"Carnaval 2015"},"content":{"rendered":"<p>Aqu\u00ed os dejo un peque\u00f1o v\u00eddeo que hizo la madre de vuestra compa\u00f1era\u00a0<strong><em>Laura L\u00f3pez<\/em><\/strong> sobre el desfile de carnaval de este a\u00f1o.<\/p>\n<p>Espero que os guste \ud83d\ude09<\/p>\n<p><iframe loading=\"lazy\" src=\"\/\/player.vimeo.com\/video\/120228068?portrait=0\" width=\"100%\" height=\"281\" frameborder=\"0\" webkitallowfullscreen mozallowfullscreen allowfullscreen><\/iframe> <\/p>\n<p><a href=\"https:\/\/vimeo.com\/120228068\">CARNAVAL 2015<\/a> from <a href=\"https:\/\/vimeo.com\/user4391316\">blogotero<\/a> on <a href=\"https:\/\/vimeo.com\">Vimeo<\/a>.<\/p>\n","protected":false},"excerpt":{"rendered":"<p>Aqu\u00ed os dejo un peque\u00f1o v\u00eddeo que hizo la madre de vuestra compa\u00f1era\u00a0Laura L\u00f3pez sobre el desfile de carnaval de este a\u00f1o. Espero que os guste \ud83d\ude09 CARNAVAL 2015 from blogotero on Vimeo.<\/p>\n","protected":false},"author":164,"featured_media":0,"comment_status":"open","ping_status":"open","sticky":false,"template":"","format":"standard","meta":{"_genesis_hide_title":false,"_genesis_hide_breadcrumbs":false,"_genesis_hide_singular_image":false,"_genesis_hide_footer_widgets":false,"_genesis_custom_body_class":"","_genesis_custom_post_class":"","_genesis_layout":""},"categories":[1],"tags":[],"_links":{"self":[{"href":"https:\/\/multiblog.educacion.navarra.es\/jmoranch\/wp-json\/wp\/v2\/posts\/3945"}],"collection":[{"href":"https:\/\/multiblog.educacion.navarra.es\/jmoranch\/wp-json\/wp\/v2\/posts"}],"about":[{"href":"https:\/\/multiblog.educacion.navarra.es\/jmoranch\/wp-json\/wp\/v2\/types\/post"}],"author":[{"embeddable":true,"href":"https:\/\/multiblog.educacion.navarra.es\/jmoranch\/wp-json\/wp\/v2\/users\/164"}],"replies":[{"embeddable":true,"href":"https:\/\/multiblog.educacion.navarra.es\/jmoranch\/wp-json\/wp\/v2\/comments?post=3945"}],"version-history":[{"count":0,"href":"https:\/\/multiblog.educacion.navarra.es\/jmoranch\/wp-json\/wp\/v2\/posts\/3945\/revisions"}],"wp:attachment":[{"href":"https:\/\/multiblog.educacion.navarra.es\/jmoranch\/wp-json\/wp\/v2\/media?parent=3945"}],"wp:term":[{"taxonomy":"category","embeddable":true,"href":"https:\/\/multiblog.educacion.navarra.es\/jmoranch\/wp-json\/wp\/v2\/categories?post=3945"},{"taxonomy":"post_tag","embeddable":true,"href":"https:\/\/multiblog.educacion.navarra.es\/jmoranch\/wp-json\/wp\/v2\/tags?post=3945"}],"curies":[{"name":"wp","href":"https:\/\/api.w.org\/{rel}","templated":true}]}}