


{"id":3890,"date":"2014-11-14T20:32:45","date_gmt":"2014-11-14T19:32:45","guid":{"rendered":"http:\/\/multiblog.educacion.navarra.es\/jmoranch\/?p=3890"},"modified":"2014-11-14T20:32:45","modified_gmt":"2014-11-14T19:32:45","slug":"curso-de-ingles-christmas-time","status":"publish","type":"post","link":"https:\/\/multiblog.educacion.navarra.es\/jmoranch\/2014\/11\/14\/curso-de-ingles-christmas-time\/","title":{"rendered":"Curso de ingl\u00e9s &#8220;Christmas Time&#8221;"},"content":{"rendered":"<p class=\"p1\">Se\u00a0van a celebrar unos cursos de\u00a0ingl\u00e9s subvencionados por el <strong>Departamento de Educaci\u00f3n y organizados<\/strong> por <span style=\"color: #0000ff;\"><strong><em><a style=\"color: #0000ff;\" href=\"https:\/\/www.cnai.es\/es\/reserva-de-cursos\/christmas-time\" target=\"_blank\">CNAI<\/a><\/em><\/strong>.<\/span> Los cursos se llaman\u00a0<strong><em>Christmas Time<\/em><\/strong> y, el m\u00e1s cercano, se celebra en Tudela.<\/p>\n<p class=\"p1\" style=\"text-align: justify;\">Los cursos est\u00e1n destinados a alumnado de Infantil y Primaria. Tienen una duraci\u00f3n de 3 d\u00edas (22-24 y 29-31\u00a0de diciembre), se realizan en horario de ma\u00f1ana y tienen un precio de 45\u20ac, ofreci\u00e9ndose descuentos a familias numerosas.<\/p>\n<p class=\"p1\" style=\"text-align: justify;\"><span class=\"s1\">Para realizar la reserva del curso ten\u00e9is de plazo hasta el d\u00eda 21 de noviembre a trav\u00e9s de su<span style=\"color: #0000ff;\"><em><strong> <a style=\"color: #0000ff;\" href=\"http:\/\/www.cnai.es\/es\/reserva-de-cursos\/christmas-time\" target=\"_blank\">web<\/a><\/strong><\/em>.\u00a0<\/span><\/span><\/p>\n<p class=\"p1\" style=\"text-align: justify;\">Os dejo\u00a0aqu\u00ed el documento informativo y el enlace a la web de reservas, por si os anim\u00e1is.<\/p>\n<h2 class=\"p1\" style=\"text-align: center;\"><span style=\"color: #0000ff;\"><em><a style=\"color: #0000ff;\" href=\"http:\/\/www.cnai.es\/es\/reserva-de-cursos\/christmas-time\" target=\"_blank\">Christmas Time Reserva de plaza<\/a><\/em><\/span><\/h2>\n<p style=\"text-align: center;\"><a href=\"http:\/\/oterodenavascues.educacion.navarra.es\/blogs\/wp-content\/uploads\/2014\/11\/Christmastime2014.jpeg\" target=\"_blank\" rel=\"attachment wp-att-4747\"><img loading=\"lazy\" class=\"aligncenter wp-image-4747\" src=\"http:\/\/oterodenavascues.educacion.navarra.es\/blogs\/wp-content\/uploads\/2014\/11\/Christmastime2014-300x212.jpeg\" alt=\"Christmastime2014\" width=\"345\" height=\"244\" \/><\/a><\/p>\n<p><iframe loading=\"lazy\" src=\"https:\/\/app.box.com\/embed_widget\/s\/bgn9z43n2gntcos0oddd?theme=blue\" width=\"583\" height=\"466\" frameborder=\"0\" allowfullscreen=\"allowfullscreen\"><\/iframe><\/p>\n","protected":false},"excerpt":{"rendered":"<p>Se\u00a0van a celebrar unos cursos de\u00a0ingl\u00e9s subvencionados por el Departamento de Educaci\u00f3n y organizados por CNAI. Los cursos se llaman\u00a0Christmas Time y, el m\u00e1s cercano, se celebra en Tudela. Los cursos est\u00e1n destinados a alumnado de Infantil y Primaria. Tienen una duraci\u00f3n de 3 d\u00edas (22-24 y 29-31\u00a0de diciembre), se realizan en horario de ma\u00f1ana [&hellip;]<\/p>\n","protected":false},"author":164,"featured_media":0,"comment_status":"open","ping_status":"open","sticky":false,"template":"","format":"standard","meta":{"_genesis_hide_title":false,"_genesis_hide_breadcrumbs":false,"_genesis_hide_singular_image":false,"_genesis_hide_footer_widgets":false,"_genesis_custom_body_class":"","_genesis_custom_post_class":"","_genesis_layout":""},"categories":[1],"tags":[],"_links":{"self":[{"href":"https:\/\/multiblog.educacion.navarra.es\/jmoranch\/wp-json\/wp\/v2\/posts\/3890"}],"collection":[{"href":"https:\/\/multiblog.educacion.navarra.es\/jmoranch\/wp-json\/wp\/v2\/posts"}],"about":[{"href":"https:\/\/multiblog.educacion.navarra.es\/jmoranch\/wp-json\/wp\/v2\/types\/post"}],"author":[{"embeddable":true,"href":"https:\/\/multiblog.educacion.navarra.es\/jmoranch\/wp-json\/wp\/v2\/users\/164"}],"replies":[{"embeddable":true,"href":"https:\/\/multiblog.educacion.navarra.es\/jmoranch\/wp-json\/wp\/v2\/comments?post=3890"}],"version-history":[{"count":0,"href":"https:\/\/multiblog.educacion.navarra.es\/jmoranch\/wp-json\/wp\/v2\/posts\/3890\/revisions"}],"wp:attachment":[{"href":"https:\/\/multiblog.educacion.navarra.es\/jmoranch\/wp-json\/wp\/v2\/media?parent=3890"}],"wp:term":[{"taxonomy":"category","embeddable":true,"href":"https:\/\/multiblog.educacion.navarra.es\/jmoranch\/wp-json\/wp\/v2\/categories?post=3890"},{"taxonomy":"post_tag","embeddable":true,"href":"https:\/\/multiblog.educacion.navarra.es\/jmoranch\/wp-json\/wp\/v2\/tags?post=3890"}],"curies":[{"name":"wp","href":"https:\/\/api.w.org\/{rel}","templated":true}]}}