


{"id":3703,"date":"2017-12-11T11:06:57","date_gmt":"2017-12-11T10:06:57","guid":{"rendered":"http:\/\/multiblog.educacion.navarra.es\/jmoranch\/?p=3703"},"modified":"2018-02-21T20:22:46","modified_gmt":"2018-02-21T19:22:46","slug":"semana-blanca","status":"publish","type":"post","link":"https:\/\/multiblog.educacion.navarra.es\/jmoranch\/2017\/12\/11\/semana-blanca\/","title":{"rendered":"Semana Blanca 2017-18"},"content":{"rendered":"<p>Como sab\u00e9is, ya sabemos la fecha en que disfrutaremos de la<em><strong>\u00a0<a href=\"http:\/\/www.esquiescolar.com\/es\/introduccion.php\" target=\"_blank\" rel=\"noopener\">Semana Blanca:<\/a><\/strong><\/em>\u00a0nos ha tocado\u00a0<strong><em>en enero, desde el\u00a0<\/em><em><strong>d\u00eda 14 hasta <\/strong>el 19.\u00a0<\/em><\/strong>A\u00fan no sabemos en qu\u00e9 alojamientos nos ha tocado, pero s\u00ed que sabemos que estaremos en <em><strong><a href=\"http:\/\/vallederoncal.es\/pueblos\/isaba\/\" target=\"_blank\" rel=\"noopener\">Isaba<\/a><\/strong><\/em>.<\/p>\n<p>En cuanto sepamos los alojamientos <strong>convocaremos una reuni\u00f3n para vuestros<\/strong> <strong>padres<\/strong> y organizaremos los grupos y habitaciones.<\/p>\n<figure id=\"attachment_3704\" aria-describedby=\"caption-attachment-3704\" style=\"width: 300px\" class=\"wp-caption alignright\"><a href=\"https:\/\/www.google.es\/url?sa=t&amp;rct=j&amp;q=&amp;esrc=s&amp;source=web&amp;cd=1&amp;cad=rja&amp;ved=0CDIQFjAA&amp;url=http%3A%2F%2Fwww.esquiescolar.com%2F&amp;ei=S-LPUqrNAZCa0AWalYDYCQ&amp;usg=AFQjCNGQ4VOZSJ9ck0TrjOQ99vJ3K0db1g&amp;bvm=bv.59026428,d.d2k\" target=\"_blank\" rel=\"noopener\"><img loading=\"lazy\" class=\"size-medium wp-image-3704\" src=\"http:\/\/multiblog.educacion.navarra.es\/jmoranch\/files\/2014\/01\/w032ant-300x300.jpg\" alt=\"w032ant\" width=\"300\" height=\"300\" srcset=\"https:\/\/multiblog.educacion.navarra.es\/jmoranch\/files\/2014\/01\/w032ant-300x300.jpg 300w, https:\/\/multiblog.educacion.navarra.es\/jmoranch\/files\/2014\/01\/w032ant-150x150.jpg 150w, https:\/\/multiblog.educacion.navarra.es\/jmoranch\/files\/2014\/01\/w032ant-96x96.jpg 96w, https:\/\/multiblog.educacion.navarra.es\/jmoranch\/files\/2014\/01\/w032ant-24x24.jpg 24w, https:\/\/multiblog.educacion.navarra.es\/jmoranch\/files\/2014\/01\/w032ant-36x36.jpg 36w, https:\/\/multiblog.educacion.navarra.es\/jmoranch\/files\/2014\/01\/w032ant-48x48.jpg 48w, https:\/\/multiblog.educacion.navarra.es\/jmoranch\/files\/2014\/01\/w032ant-64x64.jpg 64w, https:\/\/multiblog.educacion.navarra.es\/jmoranch\/files\/2014\/01\/w032ant.jpg 328w\" sizes=\"(max-width: 300px) 100vw, 300px\" \/><\/a><figcaption id=\"caption-attachment-3704\" class=\"wp-caption-text\">Banco im\u00e1genes y sonidos ITE<\/figcaption><\/figure>\n<p>Mientras tanto, pod\u00e9is ir preparando todo lo necesario para la experiencia y aprovechar que se acerca Navidad para pedir a Pap\u00e1 Noel, Olentzero o a los Reyes Magos aquello que necesit\u00e9is. Aunque Javier ya ha repartido las hojas con lo necesario, os voy a recordar aqu\u00ed el <strong>material<\/strong>\u00a0para la semana por si se os pierde la informaci\u00f3n:<\/p>\n<p><span style=\"line-height: 1.5em; color: #800000;\">&#8211;\u00a0Gorro (que\u00a0puede ser\u00a0de diferentes materiales pero que en cualquier caso debe cubrir las orejas).<\/span><\/p>\n<p><span style=\"color: #003300;\"><strong>&#8211;\u00a0Gafas\u00a0espec\u00edficas<\/strong> para la nieve.<\/span><\/p>\n<p><span style=\"color: #800000;\">&#8211;\u00a0Pantal\u00f3n o peto (<strong>lo m\u00e1s impermeable posible<\/strong>). Si tienes dos, puedes llevar los dos.<\/span><\/p>\n<p><span style=\"color: #003300;\">&#8211;\u00a0Guantes (lo m\u00e1s impermeables posible y <strong>no pueden ser de lana<\/strong>).<\/span><\/p>\n<p><span style=\"color: #800000;\">&#8211;\u00a0Chubasquero o anorak\u00a0 (hay que\u00a0llevar otra cazadora para usarla\u00a0por las\u00a0tardes en caso de que la primera est\u00e9 mojada). <strong>No valen los t\u00edpicos plum\u00edferos<\/strong> que al mojarse pesan un mont\u00f3n.<\/span><\/p>\n<p><span style=\"color: #003300;\">&#8211;\u00a0Debajo del chubasquero es necesario llevar un polo o jersey que\u00a0<strong>cubra el cuello.<\/strong>\u00a0En su defecto se pueden utilizar bragas.<\/span><\/p>\n<p><span style=\"color: #800000;\">&#8211;\u00a0Calcetines gruesos y altos (valen las medias de f\u00fatbol).<\/span><\/p>\n<p><span style=\"color: #003300;\">&#8211;\u00a0Bolsa de aseo con lo necesario.<\/span><\/p>\n<p><span style=\"color: #800000;\"><strong>&#8211;\u00a0Una toalla de ducha (importante).<\/strong><\/span><\/p>\n<p><span style=\"color: #003300;\"><strong>&#8211;\u00a0Crema solar y protector de labios.<\/strong><\/span><\/p>\n<p><span style=\"color: #800000;\">&#8211;\u00a0Ropa normal para utilizar por las tardes teniendo en cuenta que puede hacer fr\u00edo.<\/span><\/p>\n<p><span style=\"color: #003300;\">&#8211;\u00a0Una\u00a0<strong>cantimplora o botella peque\u00f1a de pl\u00e1stico.<\/strong><\/span><\/p>\n<p><span style=\"color: #003300;\">&#8211;\u00a0Zapatillas deportivas o botas (se utilizan para subir a las pistas en el autob\u00fas y poder guardarlas en la mochila mientras se esqu\u00eda. Si se lleva para este fin otro tipo de calzado hay que asegurarse de que cabe en la mochila).<\/span><\/p>\n<p><span style=\"color: #800000;\">&#8211;\u00a0Zapatillas de casa para los alojamientos.<\/span><\/p>\n<p><span style=\"color: #003300;\">&#8211;\u00a0Zapatos o botas para utilizar por las tardes. Hay que tener en cuenta que el pueblo podr\u00eda estar nevado. Que las lleven puestas y as\u00ed se ocupa menos espacio en la maleta.<\/span><\/p>\n<p><span style=\"color: #800000;\">&#8211;\u00a0Ropa interior, pijama, etc.<\/span><\/p>\n<p><span style=\"color: #003300;\">&#8211;\u00a0<strong>Ba\u00f1ador, gorro de piscina y chanclas<\/strong> (s\u00ed, s\u00ed, ba\u00f1ador&#8230; un d\u00eda vamos a la piscina \ud83d\ude09<\/span><\/p>\n<p><span style=\"color: #003300;\"><span style=\"color: #800000;\">&#8211;\u00a0Una\u00a0<strong>mochila<\/strong>\u00a0para llevar cada d\u00eda las botas de esqu\u00ed y guardar las zapatillas.<\/span><\/span><\/p>\n<p><span style=\"color: #003300;\">&#8211; Una libreta peque\u00f1a y un bol\u00edgrafo.<\/span><\/p>\n<p><span style=\"color: #800000;\">&#8211;\u00a0Recordar, por \u00faltimo, que <strong>est\u00e1n PROHIBIDOS los\u00a0tel\u00e9fonos m\u00f3viles, reproductores mp3-4 y similares;\u00a0<\/strong>\u00a0adem\u00e1s,\u00a0<strong>la maleta debe poder ser transportada por vosotros mismos<\/strong> hasta el alojamiento. Es decir, no llev\u00e9is maletas que sean m\u00e1s altas que vosotros y no las llen\u00e9is de cosas\u00a0innecesarias. Hay que ser ordenados a la hora de preparar las maletas.<\/span><\/p>\n<p><span style=\"color: #003300;\">&#8211; Si est\u00e1is acostumbrados a merendar, llevad merienda para cuando paremos en el viaje el primer d\u00eda.<\/span><\/p>\n<p><span style=\"color: #800000;\"><strong>NO OLVIDAR<\/strong>:<\/span><span style=\"color: #003300;\"> el <strong>buen rollo<\/strong>, las <strong>ganas de hacer deporte<\/strong>, de <strong>pasarlo bien<\/strong> y de <strong>conocer gente nueva<\/strong>. <strong>El buen comportamiento se os supone \ud83d\ude09<\/strong><\/span><\/p>\n","protected":false},"excerpt":{"rendered":"<p>Como sab\u00e9is, ya sabemos la fecha en que disfrutaremos de la\u00a0Semana Blanca:\u00a0nos ha tocado\u00a0en enero, desde el\u00a0d\u00eda 14 hasta el 19.\u00a0A\u00fan no sabemos en qu\u00e9 alojamientos nos ha tocado, pero s\u00ed que sabemos que estaremos en Isaba. En cuanto sepamos los alojamientos convocaremos una reuni\u00f3n para vuestros padres y organizaremos los grupos y habitaciones. Mientras [&hellip;]<\/p>\n","protected":false},"author":164,"featured_media":0,"comment_status":"open","ping_status":"open","sticky":false,"template":"","format":"standard","meta":{"_genesis_hide_title":false,"_genesis_hide_breadcrumbs":false,"_genesis_hide_singular_image":false,"_genesis_hide_footer_widgets":false,"_genesis_custom_body_class":"","_genesis_custom_post_class":"","_genesis_layout":"content-sidebar"},"categories":[1],"tags":[],"_links":{"self":[{"href":"https:\/\/multiblog.educacion.navarra.es\/jmoranch\/wp-json\/wp\/v2\/posts\/3703"}],"collection":[{"href":"https:\/\/multiblog.educacion.navarra.es\/jmoranch\/wp-json\/wp\/v2\/posts"}],"about":[{"href":"https:\/\/multiblog.educacion.navarra.es\/jmoranch\/wp-json\/wp\/v2\/types\/post"}],"author":[{"embeddable":true,"href":"https:\/\/multiblog.educacion.navarra.es\/jmoranch\/wp-json\/wp\/v2\/users\/164"}],"replies":[{"embeddable":true,"href":"https:\/\/multiblog.educacion.navarra.es\/jmoranch\/wp-json\/wp\/v2\/comments?post=3703"}],"version-history":[{"count":0,"href":"https:\/\/multiblog.educacion.navarra.es\/jmoranch\/wp-json\/wp\/v2\/posts\/3703\/revisions"}],"wp:attachment":[{"href":"https:\/\/multiblog.educacion.navarra.es\/jmoranch\/wp-json\/wp\/v2\/media?parent=3703"}],"wp:term":[{"taxonomy":"category","embeddable":true,"href":"https:\/\/multiblog.educacion.navarra.es\/jmoranch\/wp-json\/wp\/v2\/categories?post=3703"},{"taxonomy":"post_tag","embeddable":true,"href":"https:\/\/multiblog.educacion.navarra.es\/jmoranch\/wp-json\/wp\/v2\/tags?post=3703"}],"curies":[{"name":"wp","href":"https:\/\/api.w.org\/{rel}","templated":true}]}}