


{"id":3586,"date":"2015-06-20T17:47:04","date_gmt":"2015-06-20T15:47:04","guid":{"rendered":"http:\/\/multiblog.educacion.navarra.es\/jmoranch\/?p=3586"},"modified":"2015-06-20T17:45:30","modified_gmt":"2015-06-20T15:45:30","slug":"tarea-para-el-verano","status":"publish","type":"post","link":"https:\/\/multiblog.educacion.navarra.es\/jmoranch\/2015\/06\/20\/tarea-para-el-verano\/","title":{"rendered":"Tarea para el verano"},"content":{"rendered":"<p style=\"text-align: justify;\">S\u00ed, tarea para el verano&#8230; Pero no os asust\u00e9is, que no es para tanto.<\/p>\n<p style=\"text-align: justify;\">Os vendr\u00e1 bien dar un repaso a algunas de las cosas que hab\u00e9is aprendido este curso porque si no, cuando comenc\u00e9is 6\u00ba (\u00faltimo curso ya, uffff) seguramente se os habr\u00e1 olvidado todo. As\u00ed que os voy a poner aqu\u00ed una serie de enlaces para repasar de forma divertida durante las vacaciones. Por supuesto, ten\u00e9is todos los enlaces que hemos trabajado durante estos meses en la\u00a0<em><strong>Recursoteca<\/strong>.<\/em><\/p>\n<p style=\"text-align: justify;\">Si os organiz\u00e1is bien, <strong><em>da tiempo para todo:<\/em><\/strong> para ir a la piscina, divertirse y pasear con los amiga@s, pasar tiempo con la familia y hacer algunas tareas.<a href=\"https:\/\/glurra.files.wordpress.com\/2011\/05\/verano1.gif\"><img loading=\"lazy\" class=\"alignright\" src=\"https:\/\/glurra.files.wordpress.com\/2011\/05\/verano1.gif\" alt=\"\" width=\"300\" height=\"300\" \/><\/a><\/p>\n<p style=\"text-align: justify;\">Dicho esto, os recuerdo que en el blog ten\u00e9is unos cuantos <a href=\"http:\/\/multiblog.educacion.navarra.es\/jmoranch\/?page_id=2900\" target=\"_blank\"><strong><em>cuadernillos de actividades para el verano<\/em><\/strong><\/a>, de matem\u00e1ticas, lengua, conocimiento del medio y algunos de actividades variadas. Pod\u00e9is acceder a ellos pinchando <a href=\"http:\/\/multiblog.educacion.navarra.es\/jmoranch\/?page_id=2900\" target=\"_blank\"><strong><em>AQU\u00cd<\/em><\/strong><\/a>.<\/p>\n<p style=\"text-align: justify;\">En Edmodo ten\u00e9is las conjugaciones de los verbos\u00a0<em><a href=\"https:\/\/dl.dropboxusercontent.com\/u\/22891806\/varios\/haber.pdf\" target=\"_blank\"><strong>haber<\/strong><\/a>\u00a0<\/em>y\u00a0<em><a href=\"https:\/\/dl.dropboxusercontent.com\/u\/22891806\/varios\/ser.pdf\" target=\"_blank\"><strong>ser<\/strong><\/a>,\u00a0<\/em> que habr\u00e1 que estudi\u00e1rselos para cuando empecemos el curso, ya que comenzaremos con ello.<\/p>\n<p style=\"text-align: justify;\">Estos cuadernillos est\u00e1n subidos a un servidor de documentos llamado ISSUU. Pod\u00e9is visualizarlos online y copiar las actividades, pero quiz\u00e1s sea m\u00e1s c\u00f3modo descargarlos para poder imprimirlos enteros o las hojas que os interesen. Para ello hay que estar registrado, pero pod\u00e9is hacerlo utilizando los datos de acceso siguientes: <strong><em>cintruenigo \/ invitado<\/em><\/strong>. Os explico el proceso:<\/p>\n<p style=\"text-align: justify;\">&#8211; Elige en el men\u00fa del blog\u00a0<em><strong>Recursoteca-Para el verano<\/strong>.<\/em><\/p>\n<p><a href=\"http:\/\/multiblog.educacion.navarra.es\/jmoranch\/files\/2013\/06\/Captura-de-pantalla-2013-06-21-a-las-17.30.09.png\"><img loading=\"lazy\" class=\"aligncenter size-full wp-image-3587\" src=\"http:\/\/multiblog.educacion.navarra.es\/jmoranch\/files\/2013\/06\/Captura-de-pantalla-2013-06-21-a-las-17.30.09.png\" alt=\"Captura de pantalla 2013-06-21 a la(s) 17.30.09\" width=\"230\" height=\"185\" \/><\/a><\/p>\n<p>&#8211; Busca y elige el cuadernillo que te interese.<\/p>\n<p style=\"text-align: center;\"><a href=\"http:\/\/multiblog.educacion.navarra.es\/jmoranch\/files\/2013\/06\/Captura-de-pantalla-2013-06-21-a-las-17.38.16.png\"><img loading=\"lazy\" class=\"aligncenter  wp-image-3588\" src=\"http:\/\/multiblog.educacion.navarra.es\/jmoranch\/files\/2013\/06\/Captura-de-pantalla-2013-06-21-a-las-17.38.16.png\" alt=\"Captura de pantalla 2013-06-21 a la(s) 17.38.16\" width=\"372\" height=\"221\" srcset=\"https:\/\/multiblog.educacion.navarra.es\/jmoranch\/files\/2013\/06\/Captura-de-pantalla-2013-06-21-a-las-17.38.16.png 620w, https:\/\/multiblog.educacion.navarra.es\/jmoranch\/files\/2013\/06\/Captura-de-pantalla-2013-06-21-a-las-17.38.16-300x178.png 300w\" sizes=\"(max-width: 372px) 100vw, 372px\" \/><\/a><\/p>\n<p>&#8211; Haz click en\u00a0<em><strong>Sign in<\/strong>\u00a0<\/em>(esquina superior derecha de la pantalla).<\/p>\n<p><a href=\"http:\/\/multiblog.educacion.navarra.es\/jmoranch\/files\/2013\/06\/Captura-de-pantalla-2013-06-21-a-las-17.39.27.png\"><img loading=\"lazy\" class=\"aligncenter size-full wp-image-3589\" src=\"http:\/\/multiblog.educacion.navarra.es\/jmoranch\/files\/2013\/06\/Captura-de-pantalla-2013-06-21-a-las-17.39.27.png\" alt=\"Captura de pantalla 2013-06-21 a la(s) 17.39.27\" width=\"101\" height=\"60\" \/><\/a><\/p>\n<p>&#8211; Introduce el usuario y la contrase\u00f1a<strong><em> (cintruenigo\/invitado)<\/em>\u00a0<\/strong>y pincha en el bot\u00f3n verde.<\/p>\n<p style=\"text-align: center;\"><a href=\"http:\/\/multiblog.educacion.navarra.es\/jmoranch\/files\/2013\/06\/Captura-de-pantalla-2013-06-21-a-las-17.33.30.png\"><img loading=\"lazy\" class=\"aligncenter  wp-image-3590\" src=\"http:\/\/multiblog.educacion.navarra.es\/jmoranch\/files\/2013\/06\/Captura-de-pantalla-2013-06-21-a-las-17.33.30.png\" alt=\"Captura de pantalla 2013-06-21 a la(s) 17.33.30\" width=\"326\" height=\"256\" srcset=\"https:\/\/multiblog.educacion.navarra.es\/jmoranch\/files\/2013\/06\/Captura-de-pantalla-2013-06-21-a-las-17.33.30.png 544w, https:\/\/multiblog.educacion.navarra.es\/jmoranch\/files\/2013\/06\/Captura-de-pantalla-2013-06-21-a-las-17.33.30-300x235.png 300w\" sizes=\"(max-width: 326px) 100vw, 326px\" \/><\/a><\/p>\n<p>&#8211; Haz click en\u00a0<strong><em>Share<\/em><\/strong> (justo debajo del documento) y despu\u00e9s en\u00a0<em><strong>Download<\/strong>. <\/em>Cuando se descargue el documento, ya\u00a0puedes imprimir el cuadernillo o la hoja que desees.<\/p>\n<p style=\"text-align: center;\"><a href=\"http:\/\/multiblog.educacion.navarra.es\/jmoranch\/files\/2013\/06\/Captura-de-pantalla-2013-06-21-a-las-17.33.40.png\"><img loading=\"lazy\" class=\"aligncenter  wp-image-3591\" src=\"http:\/\/multiblog.educacion.navarra.es\/jmoranch\/files\/2013\/06\/Captura-de-pantalla-2013-06-21-a-las-17.33.40.png\" alt=\"Captura de pantalla 2013-06-21 a la(s) 17.33.40\" width=\"336\" height=\"151\" srcset=\"https:\/\/multiblog.educacion.navarra.es\/jmoranch\/files\/2013\/06\/Captura-de-pantalla-2013-06-21-a-las-17.33.40.png 480w, https:\/\/multiblog.educacion.navarra.es\/jmoranch\/files\/2013\/06\/Captura-de-pantalla-2013-06-21-a-las-17.33.40-300x134.png 300w\" sizes=\"(max-width: 336px) 100vw, 336px\" \/><\/a><\/p>\n<hr \/>\n<h2 style=\"text-align: center;\"><em><strong>Cuadernillos y actividades online para el verano<\/strong><\/em><\/h2>\n<p style=\"text-align: center;\"><a href=\"http:\/\/multiblog.educacion.navarra.es\/jmoranch\/?page_id=2900\"><img loading=\"lazy\" class=\"aligncenter size-full wp-image-3596\" src=\"http:\/\/multiblog.educacion.navarra.es\/jmoranch\/files\/2013\/06\/Captura-de-pantalla-2013-06-24-a-las-11.11.57.png\" alt=\"Captura de pantalla 2013-06-24 a la(s) 11.11.57\" width=\"352\" height=\"100\" srcset=\"https:\/\/multiblog.educacion.navarra.es\/jmoranch\/files\/2013\/06\/Captura-de-pantalla-2013-06-24-a-las-11.11.57.png 352w, https:\/\/multiblog.educacion.navarra.es\/jmoranch\/files\/2013\/06\/Captura-de-pantalla-2013-06-24-a-las-11.11.57-300x85.png 300w\" sizes=\"(max-width: 352px) 100vw, 352px\" \/><\/a><\/p>\n<p>&nbsp;<\/p>\n","protected":false},"excerpt":{"rendered":"<p>S\u00ed, tarea para el verano&#8230; Pero no os asust\u00e9is, que no es para tanto. Os vendr\u00e1 bien dar un repaso a algunas de las cosas que hab\u00e9is aprendido este curso porque si no, cuando comenc\u00e9is 6\u00ba (\u00faltimo curso ya, uffff) seguramente se os habr\u00e1 olvidado todo. As\u00ed que os voy a poner aqu\u00ed una serie [&hellip;]<\/p>\n","protected":false},"author":164,"featured_media":0,"comment_status":"open","ping_status":"open","sticky":false,"template":"","format":"standard","meta":{"_genesis_hide_title":false,"_genesis_hide_breadcrumbs":false,"_genesis_hide_singular_image":false,"_genesis_hide_footer_widgets":false,"_genesis_custom_body_class":"","_genesis_custom_post_class":"","_genesis_layout":""},"categories":[1],"tags":[],"_links":{"self":[{"href":"https:\/\/multiblog.educacion.navarra.es\/jmoranch\/wp-json\/wp\/v2\/posts\/3586"}],"collection":[{"href":"https:\/\/multiblog.educacion.navarra.es\/jmoranch\/wp-json\/wp\/v2\/posts"}],"about":[{"href":"https:\/\/multiblog.educacion.navarra.es\/jmoranch\/wp-json\/wp\/v2\/types\/post"}],"author":[{"embeddable":true,"href":"https:\/\/multiblog.educacion.navarra.es\/jmoranch\/wp-json\/wp\/v2\/users\/164"}],"replies":[{"embeddable":true,"href":"https:\/\/multiblog.educacion.navarra.es\/jmoranch\/wp-json\/wp\/v2\/comments?post=3586"}],"version-history":[{"count":0,"href":"https:\/\/multiblog.educacion.navarra.es\/jmoranch\/wp-json\/wp\/v2\/posts\/3586\/revisions"}],"wp:attachment":[{"href":"https:\/\/multiblog.educacion.navarra.es\/jmoranch\/wp-json\/wp\/v2\/media?parent=3586"}],"wp:term":[{"taxonomy":"category","embeddable":true,"href":"https:\/\/multiblog.educacion.navarra.es\/jmoranch\/wp-json\/wp\/v2\/categories?post=3586"},{"taxonomy":"post_tag","embeddable":true,"href":"https:\/\/multiblog.educacion.navarra.es\/jmoranch\/wp-json\/wp\/v2\/tags?post=3586"}],"curies":[{"name":"wp","href":"https:\/\/api.w.org\/{rel}","templated":true}]}}