


{"id":396,"date":"2013-06-24T08:38:00","date_gmt":"2013-06-24T07:38:00","guid":{"rendered":"http:\/\/multiblogold.educacion.navarra.es\/jemanald\/?p=396"},"modified":"2013-06-24T08:38:00","modified_gmt":"2013-06-24T07:38:00","slug":"24-de-junio","status":"publish","type":"post","link":"https:\/\/multiblog.educacion.navarra.es\/jemanald\/2013\/06\/24\/24-de-junio\/","title":{"rendered":"24 de junio"},"content":{"rendered":"<p>\t\t\t\t&lt;![CDATA[<\/p>\n<h5 class=\"uiStreamMessage userContentWrapper\" style=\"text-align: justify\"><span class=\"messageBody\"><span class=\"userContent\">D\u00eda de San Juan, patrono de Espa\u00f1a. El \u00e1guila del Escudo de Espa\u00f1a es el <span style=\"color: #ff9900\">\u00e1guila de San Juan<\/span>. Y as\u00ed figuraba en la portada de la Constituci\u00f3n de 1978.<\/span><\/span><\/h5>\n<p style=\"text-align: center\"><img loading=\"lazy\" class=\"aligncenter\" alt=\"\" src=\"https:\/\/fbcdn-sphotos-g-a.akamaihd.net\/hphotos-ak-prn1\/1013503_4978124339570_1536372140_n.jpg\" width=\"384\" height=\"415\" \/><\/p>\n<p style=\"text-align: center\"><iframe width=\"670\" height=\"503\" src=\"https:\/\/www.youtube.com\/embed\/IsR-4d5kcOE?feature=oembed\" frameborder=\"0\" allowfullscreen><\/iframe><\/p>\n<p style=\"text-align: center\">La teleserie espa\u00f1ola <span style=\"color: #ff9900\"><strong>&#8220;Isabel&#8221;<\/strong><span style=\"color: #c0c0c0\"> narra la vida de la Reina de Espa\u00f1a por antonomasia, Isabel I de Castilla.<\/span><\/span><\/p>\n<p>]]&gt;\t\t<\/p>\n","protected":false},"excerpt":{"rendered":"<p>&lt;![CDATA[ D\u00eda de San Juan, patrono de Espa\u00f1a. El \u00e1guila del Escudo de Espa\u00f1a es el \u00e1guila de San Juan. Y as\u00ed figuraba en la portada de la Constituci\u00f3n de 1978. La teleserie espa\u00f1ola &#8220;Isabel&#8221; narra la vida de la Reina de Espa\u00f1a por antonomasia, Isabel I de Castilla. ]]&gt;<\/p>\n","protected":false},"author":317,"featured_media":0,"comment_status":"open","ping_status":"open","sticky":false,"template":"","format":"standard","meta":[],"categories":[371,413],"tags":[],"_links":{"self":[{"href":"https:\/\/multiblog.educacion.navarra.es\/jemanald\/wp-json\/wp\/v2\/posts\/396"}],"collection":[{"href":"https:\/\/multiblog.educacion.navarra.es\/jemanald\/wp-json\/wp\/v2\/posts"}],"about":[{"href":"https:\/\/multiblog.educacion.navarra.es\/jemanald\/wp-json\/wp\/v2\/types\/post"}],"author":[{"embeddable":true,"href":"https:\/\/multiblog.educacion.navarra.es\/jemanald\/wp-json\/wp\/v2\/users\/317"}],"replies":[{"embeddable":true,"href":"https:\/\/multiblog.educacion.navarra.es\/jemanald\/wp-json\/wp\/v2\/comments?post=396"}],"version-history":[{"count":0,"href":"https:\/\/multiblog.educacion.navarra.es\/jemanald\/wp-json\/wp\/v2\/posts\/396\/revisions"}],"wp:attachment":[{"href":"https:\/\/multiblog.educacion.navarra.es\/jemanald\/wp-json\/wp\/v2\/media?parent=396"}],"wp:term":[{"taxonomy":"category","embeddable":true,"href":"https:\/\/multiblog.educacion.navarra.es\/jemanald\/wp-json\/wp\/v2\/categories?post=396"},{"taxonomy":"post_tag","embeddable":true,"href":"https:\/\/multiblog.educacion.navarra.es\/jemanald\/wp-json\/wp\/v2\/tags?post=396"}],"curies":[{"name":"wp","href":"https:\/\/api.w.org\/{rel}","templated":true}]}}