


{"id":288,"date":"2012-05-12T18:12:34","date_gmt":"2012-05-12T17:12:34","guid":{"rendered":"http:\/\/multiblogold.educacion.navarra.es\/jemanald\/?p=288"},"modified":"2012-05-12T18:12:34","modified_gmt":"2012-05-12T17:12:34","slug":"mitologia-del-veganismo","status":"publish","type":"post","link":"https:\/\/multiblog.educacion.navarra.es\/jemanald\/2012\/05\/12\/mitologia-del-veganismo\/","title":{"rendered":"Mitolog\u00eda del veganismo"},"content":{"rendered":"<p>\t\t\t\t&lt;![CDATA[<\/p>\n<p style=\"text-align: center\"><iframe width=\"670\" height=\"503\" src=\"https:\/\/www.youtube.com\/embed\/uxzAsvuHEoE?feature=oembed\" frameborder=\"0\" allowfullscreen><\/iframe><\/p>\n<p style=\"text-align: justify\">Un ejemplo de <strong>fundamentalismo vegano<\/strong>. Un beb\u00e9 de 11 meses con lactancia materna exclusiva por una madre vegana ha muerto y los padres est\u00e1n acusados de negligencia; la autopsia indic\u00f3 que el beb\u00e9 sufr\u00eda de deficiencias de la vitamina B12 y la vitamina A, ambas fundamentales para el desarrollo de un ni\u00f1o, y que no se pueden extraer de una dieta vegetariana (pincha en la imagen para leer m\u00e1s).<a href=\"http:\/\/www.elmundo.es\/elmundosalud\/2011\/04\/01\/nutricion\/1301658693.html\"><img loading=\"lazy\" class=\"aligncenter\" src=\"http:\/\/austus.wpengine.netdna-cdn.com\/wp-content\/uploads\/2011\/03\/vegan-breastfeeding.jpg\" alt=\"\" width=\"192\" height=\"144\" \/><\/a>Pero desde algunas posiciones &#8220;cient\u00edficas&#8221; hasta el <a href=\"http:\/\/cienciaseminal.wordpress.com\/2013\/06\/21\/cientifica-noruega-abandona-el-veganismo-luego-de-demostrar-que-las-plantas-tambien-sienten\/\"><strong>veganismo es cuestionado<\/strong><\/a>. A m\u00ed, le\u00eddo el art\u00edculo, me surgue alguna que otra duda: \u00bfc\u00f3mo puede hablarse de sentimientos sin la psique, sin cerebro, sin neuronas, sin sinapsis, etc.?<\/p>\n<p style=\"text-align: justify\">Pero tambi\u00e9n hay quien incluso practica alguna otras v\u00eda &#8220;alimentaria&#8221; como la <a href=\"http:\/\/www.lavanguardia.com\/sucesos\/20120427\/54286154702\/mujer-muere-hambre-creer-podia-alimentarse-sol.html\"><strong>inedia<\/strong><\/a>. Claro que, uno no entiende muy bien c\u00f3mo hacerlo compatible con la Ley de de Conservaci\u00f3n de la Energ\u00eda.<\/p>\n<p style=\"text-align: center\"><a href=\"http:\/\/www.filmaffinity.com\/es\/film784792.html\"><img loading=\"lazy\" class=\"aligncenter\" src=\"http:\/\/2.bp.blogspot.com\/-rqmaMvvYjUE\/T3OHxx3MSGI\/AAAAAAAAADY\/LXcWA6AKhoM\/s320\/vivir_de_la_luz.png\" alt=\"\" width=\"227\" height=\"320\" \/><\/a><strong>\u00a1Que aproveche!<\/strong><\/p>\n<p style=\"text-align: center\"><img loading=\"lazy\" class=\"aligncenter\" src=\"http:\/\/cdn.rt.com\/actualidad\/public_images\/acf\/acfdb7926283811f4cc812b91c543f04_article.jpg\" alt=\"\" width=\"630\" height=\"354\" \/><\/p>\n<p style=\"text-align: center\"><a href=\"http:\/\/actualidad.rt.com\/sociedad\/view\/124264-vegetarianos-menos-sanos-consumidores-carne\"><strong>Los vegetarianos son menos sanos<\/strong><\/a><\/p>\n<p style=\"text-align: center\"><img loading=\"lazy\" class=\"aligncenter\" src=\"https:\/\/fbcdn-sphotos-d-a.akamaihd.net\/hphotos-ak-xpf1\/v\/t1.0-9\/11037331_10204617964863830_2226078764405161826_n.jpg?oh=b2c343e8de1d107e3001032d731d8a04&amp;oe=557E63E7&amp;__gda__=1434513560_e8b509d4f9008aba4f872b0b72d7ca6a\" alt=\"\" width=\"397\" height=\"320\" \/><\/p>\n<p>]]&gt;\t\t<\/p>\n","protected":false},"excerpt":{"rendered":"<p>&lt;![CDATA[ Un ejemplo de fundamentalismo vegano. Un beb\u00e9 de 11 meses con lactancia materna exclusiva por una madre vegana ha muerto y los padres est\u00e1n acusados de negligencia; la autopsia indic\u00f3 que el beb\u00e9 sufr\u00eda de deficiencias de la vitamina B12 y la vitamina A, ambas fundamentales para el desarrollo de un ni\u00f1o, y que [&hellip;]<\/p>\n","protected":false},"author":317,"featured_media":0,"comment_status":"open","ping_status":"open","sticky":false,"template":"","format":"standard","meta":[],"categories":[371,65203],"tags":[],"_links":{"self":[{"href":"https:\/\/multiblog.educacion.navarra.es\/jemanald\/wp-json\/wp\/v2\/posts\/288"}],"collection":[{"href":"https:\/\/multiblog.educacion.navarra.es\/jemanald\/wp-json\/wp\/v2\/posts"}],"about":[{"href":"https:\/\/multiblog.educacion.navarra.es\/jemanald\/wp-json\/wp\/v2\/types\/post"}],"author":[{"embeddable":true,"href":"https:\/\/multiblog.educacion.navarra.es\/jemanald\/wp-json\/wp\/v2\/users\/317"}],"replies":[{"embeddable":true,"href":"https:\/\/multiblog.educacion.navarra.es\/jemanald\/wp-json\/wp\/v2\/comments?post=288"}],"version-history":[{"count":0,"href":"https:\/\/multiblog.educacion.navarra.es\/jemanald\/wp-json\/wp\/v2\/posts\/288\/revisions"}],"wp:attachment":[{"href":"https:\/\/multiblog.educacion.navarra.es\/jemanald\/wp-json\/wp\/v2\/media?parent=288"}],"wp:term":[{"taxonomy":"category","embeddable":true,"href":"https:\/\/multiblog.educacion.navarra.es\/jemanald\/wp-json\/wp\/v2\/categories?post=288"},{"taxonomy":"post_tag","embeddable":true,"href":"https:\/\/multiblog.educacion.navarra.es\/jemanald\/wp-json\/wp\/v2\/tags?post=288"}],"curies":[{"name":"wp","href":"https:\/\/api.w.org\/{rel}","templated":true}]}}