


{"id":265,"date":"2012-03-07T20:21:33","date_gmt":"2012-03-07T19:21:33","guid":{"rendered":"http:\/\/multiblogold.educacion.navarra.es\/jemanald\/?p=265"},"modified":"2012-03-07T20:21:33","modified_gmt":"2012-03-07T19:21:33","slug":"kant-fisica-y-metafisica","status":"publish","type":"post","link":"https:\/\/multiblog.educacion.navarra.es\/jemanald\/2012\/03\/07\/kant-fisica-y-metafisica\/","title":{"rendered":"Kant: F\u00edsica y Metaf\u00edsica"},"content":{"rendered":"<p>\t\t\t\t&lt;![CDATA[<img loading=\"lazy\" class=\"aligncenter\" src=\"http:\/\/upload.wikimedia.org\/wikipedia\/commons\/thumb\/e\/e3\/Kant_Critik_der_reinen_Vernunft_V_01.png\/250px-Kant_Critik_der_reinen_Vernunft_V_01.png\" alt=\"\" width=\"250\" height=\"438\" \/><\/p>\n<p style=\"text-align: justify\">Como hemos estudiado, Kant nos dice que s\u00f3lo podemos considerar v\u00e1lidos cognitivamente (esto es, cient\u00edficamente) los &#8220;juicios sint\u00e9ticos a priori&#8221;, que son aquellos que sintetizan un elemento intuitivo de la experiencia y un concepto del entendimiento. Reconoci\u00f3 tambi\u00e9n que ese mecanismo de s\u00edntesis era la actividad propia de la raz\u00f3n humana, de modo que el &#8220;pensar&#8221; no consiste en otra cosa que en un af\u00e1n de sintetizar informaciones heterog\u00e9neas para darles cierta coherencia o unidad. En este sentido critic\u00f3 las Ideas metaf\u00edsicas como meros productos de la Raz\u00f3n en su af\u00e1n por sintetizar todo el conjunto de los fen\u00f3menos externos o espaciales (Mundo).<\/p>\n<p style=\"text-align: justify\">Despu\u00e9s de Kant el &#8220;pensamiento cr\u00edtico&#8221; es aquel que pone &#8220;l\u00edmites&#8221; a ese af\u00e1n inmoderado de la raz\u00f3n de hacer s\u00edntesis extravagantes entre informaciones heterog\u00e9neas.<\/p>\n<p style=\"text-align: justify\">Esta <strong><a href=\"http:\/\/www.elmundo.es\/elmundo\/2012\/03\/07\/ciencia\/1331124862.html\">noticia<\/a><\/strong> nos ofrece una muestra de c\u00f3mo el teoreticismo marca el paso de los &#8220;\u00faltimos avances&#8221; en el campo de la f\u00edsica te\u00f3rica (teor\u00eda del big bang, teor\u00eda de cuerdas y supercuerdas&#8230;.), confundiendo hacer ciencia con inventar teor\u00edas, lo que ha dado lugar a una suerte de metaf\u00edsica cient\u00edfica de signo casi presocr\u00e1tico por su car\u00e1cter m\u00edtico. Si, por ejemplo, a partir de la Segunda Guerra Mundial, la f\u00edsica del estado s\u00f3lido ha experimentado un notable progreso ligada a m\u00faltiples aparatos y productos, la f\u00edsica de part\u00edculas se ha estancado (y no por falta de financiaci\u00f3n: como vemos en esta noticia, el bos\u00f3n de Higgs, que espera detectarse en el LHC del CERN, cada vez se asemeja m\u00e1s al \u00e9ter por su &#8220;sutilidad&#8221;). Ahora bien, \u00bfsiguen siendo f\u00edsica estas teor\u00edas punteras sin soporte experimental? \u00bfO s\u00f3lo son matem\u00e1ticas?<\/p>\n<p style=\"text-align: justify\">Recordaremos lo que Kant enuncia: &#8220;Pensamientos sin contenido [intuiciones] son vac\u00edos; intuiciones sin conceptos son ciegas.&#8221;<\/p>\n<p style=\"text-align: justify\">La materia que nos presenta la f\u00edsica cuando nos ofrece los resultados de sus investigaciones sobre part\u00edculas subat\u00f3micas, en los aceleradores de part\u00edculas, es muy extra\u00f1a: se manifiesta con part\u00edculas que se desvanecen casi instant\u00e1neamente, vistas a trav\u00e9s de rastros en un placa fotogr\u00e1fica. Una inestabilidad esencial que propicia la imagen de un perpetuo fluir, m\u00e1s que la de una realidad estable, corp\u00f3rea. Masa y energ\u00eda son intercambiables. Dependiendo del dise\u00f1o del experimento, la materia a este nivel subat\u00f3mico se nos manifiesta de modo ambivalente, como onda, o como corp\u00fasculo, pero nunca de las dos maneras a la vez, lo cual llevo al principio de indeterminaci\u00f3n de Heisenberg, abriendo el campo a todo tipo de especulaciones teol\u00f3gicas. Se habla de part\u00edculas sin masa, o de realidades unidimensionales como las &#8220;supercuerdas&#8221;, o de &#8220;antimateria&#8221;, para referir el comportamiento an\u00f3malo de determinados elementos.<\/p>\n<p style=\"text-align: justify\">La materia se manifiesta en el estudio del cosmos de un modo tambi\u00e9n extra\u00f1o. El universo se presenta como una realidad originada en una singularidad que responde al nombre de &#8220;nada&#8221; m\u00e1s que cualquier otra cosa, y entre los postulados propuestos para la defensa de la teor\u00eda del estado estacionario del cosmos, est\u00e1 el de la creaci\u00f3n continua de la materia de Hoyle. Creaci\u00f3n &#8220;de la nada&#8221; (bien es verdad, que en cantidades muy peque\u00f1as&#8230;) La materia parece infinitamente divisible, y su indagaci\u00f3n nos aleja cada vez m\u00e1s de cualquier tipo de determinismo, y m\u00e1s aun de cualquier visi\u00f3n del mundo &#8220;como un todo&#8221;.<\/p>\n<p style=\"text-align: justify\">Y una ingenuidad latente, persistente y positivista puesta a funcionar desde diversas teor\u00edas cientificistas (o fundamentalismo cientifista) suele empujarnos a sufrir la impresi\u00f3n de que con la f\u00edsica de part\u00edculas o con las teor\u00edas cosmol\u00f3gicas, por ejemplo, vamos a obtener la &#8220;historia&#8221; de lo real o a acceder al &#8220;ladrillo&#8221; constitutivo \u00faltimo de la realidad. Sin embargo, lo que se consigue es obtener nuevos planos de una realidad que se nos muestra inagotable y din\u00e1mica.<\/p>\n<p>]]&gt;\t\t<\/p>\n","protected":false},"excerpt":{"rendered":"<p>&lt;![CDATA[ Como hemos estudiado, Kant nos dice que s\u00f3lo podemos considerar v\u00e1lidos cognitivamente (esto es, cient\u00edficamente) los &#8220;juicios sint\u00e9ticos a priori&#8221;, que son aquellos que sintetizan un elemento intuitivo de la experiencia y un concepto del entendimiento. Reconoci\u00f3 tambi\u00e9n que ese mecanismo de s\u00edntesis era la actividad propia de la raz\u00f3n humana, de modo que [&hellip;]<\/p>\n","protected":false},"author":317,"featured_media":0,"comment_status":"open","ping_status":"open","sticky":false,"template":"","format":"standard","meta":[],"categories":[376],"tags":[],"_links":{"self":[{"href":"https:\/\/multiblog.educacion.navarra.es\/jemanald\/wp-json\/wp\/v2\/posts\/265"}],"collection":[{"href":"https:\/\/multiblog.educacion.navarra.es\/jemanald\/wp-json\/wp\/v2\/posts"}],"about":[{"href":"https:\/\/multiblog.educacion.navarra.es\/jemanald\/wp-json\/wp\/v2\/types\/post"}],"author":[{"embeddable":true,"href":"https:\/\/multiblog.educacion.navarra.es\/jemanald\/wp-json\/wp\/v2\/users\/317"}],"replies":[{"embeddable":true,"href":"https:\/\/multiblog.educacion.navarra.es\/jemanald\/wp-json\/wp\/v2\/comments?post=265"}],"version-history":[{"count":0,"href":"https:\/\/multiblog.educacion.navarra.es\/jemanald\/wp-json\/wp\/v2\/posts\/265\/revisions"}],"wp:attachment":[{"href":"https:\/\/multiblog.educacion.navarra.es\/jemanald\/wp-json\/wp\/v2\/media?parent=265"}],"wp:term":[{"taxonomy":"category","embeddable":true,"href":"https:\/\/multiblog.educacion.navarra.es\/jemanald\/wp-json\/wp\/v2\/categories?post=265"},{"taxonomy":"post_tag","embeddable":true,"href":"https:\/\/multiblog.educacion.navarra.es\/jemanald\/wp-json\/wp\/v2\/tags?post=265"}],"curies":[{"name":"wp","href":"https:\/\/api.w.org\/{rel}","templated":true}]}}