


{"id":1379,"date":"2022-06-20T18:42:00","date_gmt":"2022-06-20T17:42:00","guid":{"rendered":"https:\/\/multiblog.educacion.navarra.es\/jalcald1\/?p=1379"},"modified":"2022-06-30T18:44:25","modified_gmt":"2022-06-30T17:44:25","slug":"fiesta-fin-de-curso-2021-2022","status":"publish","type":"post","link":"https:\/\/multiblog.educacion.navarra.es\/jalcald1\/2022\/06\/20\/fiesta-fin-de-curso-2021-2022\/","title":{"rendered":"Fiesta fin de curso 2021-2022"},"content":{"rendered":"\n<p>El pasado lunes 20 de junio celebramos en el clegio la fiesta de despedida del curso.<\/p>\n\n\n\n<p>La fiesta se adelant\u00f3 al lunes ya que algunos grupos estaban de  excursi\u00f3n el  \u00faltimo d\u00eda y de esta forma poder estar todo el alumnado presente.<\/p>\n\n\n\n<p>El alumnado pudo disfrutar de hinchables organizados por la APYMA del colegio y por diferentes juegos organizados por el profesorado.<\/p>\n\n\n\n<p class=\"has-larger-font-size\"><a rel=\"noreferrer noopener\" href=\"https:\/\/photos.app.goo.gl\/juxw8bMEN8LcFTms8\" target=\"_blank\">FOTOS DE LA FIESTA<\/a><\/p>\n\n\n\n<figure class=\"wp-block-gallery has-nested-images columns-default is-cropped\">\n<figure class=\"wp-block-image size-large\"><a href=\"https:\/\/cpazagra.educacion.navarra.es\/blogs\/wp-content\/uploads\/2022\/06\/IMG_6002.jpg\"><img data-id=\"1997\"  src=\"https:\/\/cpazagra.educacion.navarra.es\/blogs\/wp-content\/uploads\/2022\/06\/IMG_6002.jpg\" alt=\"\" class=\"wp-image-1997\" \/><\/a><\/figure>\n\n\n\n<figure class=\"wp-block-image size-large\"><a href=\"https:\/\/cpazagra.educacion.navarra.es\/blogs\/wp-content\/uploads\/2022\/06\/IMG_6003.jpg\"><img data-id=\"1996\"  src=\"https:\/\/cpazagra.educacion.navarra.es\/blogs\/wp-content\/uploads\/2022\/06\/IMG_6003.jpg\" alt=\"\" class=\"wp-image-1996\" \/><\/a><\/figure>\n\n\n\n<figure class=\"wp-block-image size-large\"><a href=\"https:\/\/cpazagra.educacion.navarra.es\/blogs\/wp-content\/uploads\/2022\/06\/IMG_6004.jpg\"><img data-id=\"1993\"  src=\"https:\/\/cpazagra.educacion.navarra.es\/blogs\/wp-content\/uploads\/2022\/06\/IMG_6004.jpg\" alt=\"\" class=\"wp-image-1993\" \/><\/a><\/figure>\n\n\n\n<figure class=\"wp-block-image size-large\"><a href=\"https:\/\/cpazagra.educacion.navarra.es\/blogs\/wp-content\/uploads\/2022\/06\/IMG_6006.jpg\"><img data-id=\"1994\"  src=\"https:\/\/cpazagra.educacion.navarra.es\/blogs\/wp-content\/uploads\/2022\/06\/IMG_6006.jpg\" alt=\"\" class=\"wp-image-1994\" \/><\/a><\/figure>\n\n\n\n<figure class=\"wp-block-image size-large\"><a href=\"https:\/\/cpazagra.educacion.navarra.es\/blogs\/wp-content\/uploads\/2022\/06\/IMG_6011.jpg\"><img data-id=\"2002\"  src=\"https:\/\/cpazagra.educacion.navarra.es\/blogs\/wp-content\/uploads\/2022\/06\/IMG_6011.jpg\" alt=\"\" class=\"wp-image-2002\" \/><\/a><\/figure>\n\n\n\n<figure class=\"wp-block-image size-large\"><a href=\"https:\/\/cpazagra.educacion.navarra.es\/blogs\/wp-content\/uploads\/2022\/06\/IMG_6015.jpg\"><img data-id=\"2000\"  src=\"https:\/\/cpazagra.educacion.navarra.es\/blogs\/wp-content\/uploads\/2022\/06\/IMG_6015.jpg\" alt=\"\" class=\"wp-image-2000\" \/><\/a><\/figure>\n\n\n\n<figure class=\"wp-block-image size-large\"><a href=\"https:\/\/cpazagra.educacion.navarra.es\/blogs\/wp-content\/uploads\/2022\/06\/IMG_6022.jpg\"><img data-id=\"1999\"  src=\"https:\/\/cpazagra.educacion.navarra.es\/blogs\/wp-content\/uploads\/2022\/06\/IMG_6022.jpg\" alt=\"\" class=\"wp-image-1999\" \/><\/a><\/figure>\n\n\n\n<figure class=\"wp-block-image size-large\"><a href=\"https:\/\/cpazagra.educacion.navarra.es\/blogs\/wp-content\/uploads\/2022\/06\/IMG_6030.jpg\"><img data-id=\"2003\"  src=\"https:\/\/cpazagra.educacion.navarra.es\/blogs\/wp-content\/uploads\/2022\/06\/IMG_6030.jpg\" alt=\"\" class=\"wp-image-2003\" \/><\/a><\/figure>\n\n\n\n<figure class=\"wp-block-image size-large\"><a href=\"https:\/\/cpazagra.educacion.navarra.es\/blogs\/wp-content\/uploads\/2022\/06\/IMG_6038.jpg\"><img data-id=\"1998\"  src=\"https:\/\/cpazagra.educacion.navarra.es\/blogs\/wp-content\/uploads\/2022\/06\/IMG_6038.jpg\" alt=\"\" class=\"wp-image-1998\" \/><\/a><\/figure>\n\n\n\n<figure class=\"wp-block-image size-large\"><a href=\"https:\/\/cpazagra.educacion.navarra.es\/blogs\/wp-content\/uploads\/2022\/06\/IMG_5985-rotated.jpg\"><img data-id=\"1995\"  src=\"https:\/\/cpazagra.educacion.navarra.es\/blogs\/wp-content\/uploads\/2022\/06\/IMG_5985-rotated.jpg\" alt=\"\" class=\"wp-image-1995\" \/><\/a><\/figure>\n<\/figure>\n","protected":false},"excerpt":{"rendered":"<p>El pasado lunes 20 de junio celebramos en el clegio la fiesta de despedida del curso. La fiesta se adelant\u00f3 al lunes ya que algunos grupos estaban de excursi\u00f3n el <a class=\"more-link\" href=\"https:\/\/multiblog.educacion.navarra.es\/jalcald1\/2022\/06\/20\/fiesta-fin-de-curso-2021-2022\/\">Continuar leyendo &rarr;<\/a><\/p>\n","protected":false},"author":236,"featured_media":0,"comment_status":"open","ping_status":"open","sticky":false,"template":"","format":"standard","meta":[],"categories":[627],"tags":[],"_links":{"self":[{"href":"https:\/\/multiblog.educacion.navarra.es\/jalcald1\/wp-json\/wp\/v2\/posts\/1379"}],"collection":[{"href":"https:\/\/multiblog.educacion.navarra.es\/jalcald1\/wp-json\/wp\/v2\/posts"}],"about":[{"href":"https:\/\/multiblog.educacion.navarra.es\/jalcald1\/wp-json\/wp\/v2\/types\/post"}],"author":[{"embeddable":true,"href":"https:\/\/multiblog.educacion.navarra.es\/jalcald1\/wp-json\/wp\/v2\/users\/236"}],"replies":[{"embeddable":true,"href":"https:\/\/multiblog.educacion.navarra.es\/jalcald1\/wp-json\/wp\/v2\/comments?post=1379"}],"version-history":[{"count":0,"href":"https:\/\/multiblog.educacion.navarra.es\/jalcald1\/wp-json\/wp\/v2\/posts\/1379\/revisions"}],"wp:attachment":[{"href":"https:\/\/multiblog.educacion.navarra.es\/jalcald1\/wp-json\/wp\/v2\/media?parent=1379"}],"wp:term":[{"taxonomy":"category","embeddable":true,"href":"https:\/\/multiblog.educacion.navarra.es\/jalcald1\/wp-json\/wp\/v2\/categories?post=1379"},{"taxonomy":"post_tag","embeddable":true,"href":"https:\/\/multiblog.educacion.navarra.es\/jalcald1\/wp-json\/wp\/v2\/tags?post=1379"}],"curies":[{"name":"wp","href":"https:\/\/api.w.org\/{rel}","templated":true}]}}