


{"id":1170,"date":"2018-12-10T15:07:57","date_gmt":"2018-12-10T14:07:57","guid":{"rendered":"http:\/\/multiblog.educacion.navarra.es\/jalcald1\/?p=1170"},"modified":"2018-12-11T11:04:17","modified_gmt":"2018-12-11T10:04:17","slug":"dia-del-maestro-2018","status":"publish","type":"post","link":"https:\/\/multiblog.educacion.navarra.es\/jalcald1\/2018\/12\/10\/dia-del-maestro-2018\/","title":{"rendered":"D\u00eda del maestro 2018"},"content":{"rendered":"<p><img loading=\"lazy\" class=\"alignnone wp-image-1171 \" style=\"color: #333333;font-style: normal;font-weight: 300\" src=\"http:\/\/multiblog.educacion.navarra.es\/jalcald1\/files\/2018\/12\/DSC03891-300x225.jpg\" alt=\"\" width=\"276\" height=\"210\" \/><img loading=\"lazy\" class=\"alignnone wp-image-1172 \" style=\"color: #333333;font-style: normal;font-weight: 300\" src=\"http:\/\/multiblog.educacion.navarra.es\/jalcald1\/files\/2018\/12\/DSC03899-300x225.jpg\" alt=\"\" width=\"277\" height=\"210\" \/><\/p>\n<p>El pasado 27 de noviembre celebramos el d\u00eda del maestro y gracias a la APYMA pudimos tomarnos un delicioso chocolate con bizcocho y a continuaci\u00f3n disfrutamos de una yincana en el pabell\u00f3n junto a los alumnos de 5\u00ba B y 6\u00ba con en tema de la igualdad de g\u00e9nero.<\/p>\n<p><a title=\"\" href=\"https:\/\/photos.app.goo.gl\/ZNAEs5FJQTXW4GQo7\" target=\"_blank\" rel=\"noopener\">FOTOS<\/a><\/p>\n","protected":false},"excerpt":{"rendered":"<p>El pasado 27 de noviembre celebramos el d\u00eda del maestro y gracias a la APYMA pudimos tomarnos un delicioso chocolate con bizcocho y a continuaci\u00f3n disfrutamos de una yincana en <a class=\"more-link\" href=\"https:\/\/multiblog.educacion.navarra.es\/jalcald1\/2018\/12\/10\/dia-del-maestro-2018\/\">Continuar leyendo &rarr;<\/a><\/p>\n","protected":false},"author":236,"featured_media":0,"comment_status":"open","ping_status":"open","sticky":false,"template":"","format":"standard","meta":[],"categories":[627],"tags":[],"_links":{"self":[{"href":"https:\/\/multiblog.educacion.navarra.es\/jalcald1\/wp-json\/wp\/v2\/posts\/1170"}],"collection":[{"href":"https:\/\/multiblog.educacion.navarra.es\/jalcald1\/wp-json\/wp\/v2\/posts"}],"about":[{"href":"https:\/\/multiblog.educacion.navarra.es\/jalcald1\/wp-json\/wp\/v2\/types\/post"}],"author":[{"embeddable":true,"href":"https:\/\/multiblog.educacion.navarra.es\/jalcald1\/wp-json\/wp\/v2\/users\/236"}],"replies":[{"embeddable":true,"href":"https:\/\/multiblog.educacion.navarra.es\/jalcald1\/wp-json\/wp\/v2\/comments?post=1170"}],"version-history":[{"count":0,"href":"https:\/\/multiblog.educacion.navarra.es\/jalcald1\/wp-json\/wp\/v2\/posts\/1170\/revisions"}],"wp:attachment":[{"href":"https:\/\/multiblog.educacion.navarra.es\/jalcald1\/wp-json\/wp\/v2\/media?parent=1170"}],"wp:term":[{"taxonomy":"category","embeddable":true,"href":"https:\/\/multiblog.educacion.navarra.es\/jalcald1\/wp-json\/wp\/v2\/categories?post=1170"},{"taxonomy":"post_tag","embeddable":true,"href":"https:\/\/multiblog.educacion.navarra.es\/jalcald1\/wp-json\/wp\/v2\/tags?post=1170"}],"curies":[{"name":"wp","href":"https:\/\/api.w.org\/{rel}","templated":true}]}}