


{"id":1137,"date":"2018-06-28T12:24:32","date_gmt":"2018-06-28T11:24:32","guid":{"rendered":"http:\/\/multiblog.educacion.navarra.es\/jalcald1\/?p=1137"},"modified":"2018-06-28T12:40:46","modified_gmt":"2018-06-28T11:40:46","slug":"rap-contra-el-acoso-escolar","status":"publish","type":"post","link":"https:\/\/multiblog.educacion.navarra.es\/jalcald1\/2018\/06\/28\/rap-contra-el-acoso-escolar\/","title":{"rendered":"Rap contra el acoso escolar"},"content":{"rendered":"<p>Faltaba subir al blog esta joya,que nuestros artistas han creado, bajo la direcci\u00f3n de Daniel Berisa durante su estancia entre nosotros, de profesor en pr\u00e1cticas.<\/p>\n<p>En un trabajo de varias sesiones, Daniel y la clase vieron diferentes aspectos del rap: qu\u00e9 es,\u00a0 los inicios del rap, sus or\u00edgenes, diferentes tipos de rap, como elaborar las letras y por \u00faltimo elegir un tema y crear una letra para posteriormente rapearla y realizar un v\u00eddeo rapeando su propia creaci\u00f3n.<\/p>\n\n\t\t<style type=\"text\/css\">\n\t\t\t#gallery-1 {\n\t\t\t\tmargin: auto;\n\t\t\t}\n\t\t\t#gallery-1 .gallery-item {\n\t\t\t\tfloat: left;\n\t\t\t\tmargin-top: 10px;\n\t\t\t\ttext-align: center;\n\t\t\t\twidth: 25%;\n\t\t\t}\n\t\t\t#gallery-1 img {\n\t\t\t\tborder: 2px solid #cfcfcf;\n\t\t\t}\n\t\t\t#gallery-1 .gallery-caption {\n\t\t\t\tmargin-left: 0;\n\t\t\t}\n\t\t\t\/* see gallery_shortcode() in wp-includes\/media.php *\/\n\t\t<\/style>\n\t\t<div id='gallery-1' class='gallery galleryid-1137 gallery-columns-4 gallery-size-thumbnail'><dl class='gallery-item'>\n\t\t\t<dt class='gallery-icon landscape'>\n\t\t\t\t<a href='https:\/\/multiblog.educacion.navarra.es\/jalcald1\/files\/2018\/06\/IMG_20180413_115805.jpg'><img width=\"150\" height=\"150\" src=\"https:\/\/multiblog.educacion.navarra.es\/jalcald1\/files\/2018\/06\/IMG_20180413_115805-150x150.jpg\" class=\"attachment-thumbnail size-thumbnail\" alt=\"\" loading=\"lazy\" \/><\/a>\n\t\t\t<\/dt><\/dl><dl class='gallery-item'>\n\t\t\t<dt class='gallery-icon landscape'>\n\t\t\t\t<a href='https:\/\/multiblog.educacion.navarra.es\/jalcald1\/files\/2018\/06\/IMG_20180413_115905.jpg'><img width=\"150\" height=\"150\" src=\"https:\/\/multiblog.educacion.navarra.es\/jalcald1\/files\/2018\/06\/IMG_20180413_115905-150x150.jpg\" class=\"attachment-thumbnail size-thumbnail\" alt=\"\" loading=\"lazy\" \/><\/a>\n\t\t\t<\/dt><\/dl><dl class='gallery-item'>\n\t\t\t<dt class='gallery-icon landscape'>\n\t\t\t\t<a href='https:\/\/multiblog.educacion.navarra.es\/jalcald1\/files\/2018\/06\/IMG_20180413_120143.jpg'><img width=\"150\" height=\"150\" src=\"https:\/\/multiblog.educacion.navarra.es\/jalcald1\/files\/2018\/06\/IMG_20180413_120143-150x150.jpg\" class=\"attachment-thumbnail size-thumbnail\" alt=\"\" loading=\"lazy\" \/><\/a>\n\t\t\t<\/dt><\/dl><dl class='gallery-item'>\n\t\t\t<dt class='gallery-icon landscape'>\n\t\t\t\t<a href='https:\/\/multiblog.educacion.navarra.es\/jalcald1\/files\/2018\/06\/IMG_20180413_115801-1.jpg'><img width=\"150\" height=\"150\" src=\"https:\/\/multiblog.educacion.navarra.es\/jalcald1\/files\/2018\/06\/IMG_20180413_115801-1-150x150.jpg\" class=\"attachment-thumbnail size-thumbnail\" alt=\"\" loading=\"lazy\" \/><\/a>\n\t\t\t<\/dt><\/dl><br style=\"clear: both\" \/>\n\t\t<\/div>\n\n<p>Le queremos agradecer a Daniel Berisa su trabajo y dedicaci\u00f3n con todos nosotros, no solo por el rap, sino durante su estancia entre nosotros.<\/p>\n<p>El resultado lo podemos disfrutar a continuaci\u00f3n.<\/p>\n<p><iframe loading=\"lazy\" width=\"678\" height=\"381\" src=\"https:\/\/www.youtube.com\/embed\/MSDeK2l7OnY?feature=oembed\" frameborder=\"0\" allow=\"autoplay; encrypted-media\" allowfullscreen><\/iframe><\/p>\n","protected":false},"excerpt":{"rendered":"<p>Faltaba subir al blog esta joya,que nuestros artistas han creado, bajo la direcci\u00f3n de Daniel Berisa durante su estancia entre nosotros, de profesor en pr\u00e1cticas. En un trabajo de varias <a class=\"more-link\" href=\"https:\/\/multiblog.educacion.navarra.es\/jalcald1\/2018\/06\/28\/rap-contra-el-acoso-escolar\/\">Continuar leyendo &rarr;<\/a><\/p>\n","protected":false},"author":236,"featured_media":0,"comment_status":"open","ping_status":"open","sticky":false,"template":"","format":"standard","meta":[],"categories":[22170,627],"tags":[],"_links":{"self":[{"href":"https:\/\/multiblog.educacion.navarra.es\/jalcald1\/wp-json\/wp\/v2\/posts\/1137"}],"collection":[{"href":"https:\/\/multiblog.educacion.navarra.es\/jalcald1\/wp-json\/wp\/v2\/posts"}],"about":[{"href":"https:\/\/multiblog.educacion.navarra.es\/jalcald1\/wp-json\/wp\/v2\/types\/post"}],"author":[{"embeddable":true,"href":"https:\/\/multiblog.educacion.navarra.es\/jalcald1\/wp-json\/wp\/v2\/users\/236"}],"replies":[{"embeddable":true,"href":"https:\/\/multiblog.educacion.navarra.es\/jalcald1\/wp-json\/wp\/v2\/comments?post=1137"}],"version-history":[{"count":0,"href":"https:\/\/multiblog.educacion.navarra.es\/jalcald1\/wp-json\/wp\/v2\/posts\/1137\/revisions"}],"wp:attachment":[{"href":"https:\/\/multiblog.educacion.navarra.es\/jalcald1\/wp-json\/wp\/v2\/media?parent=1137"}],"wp:term":[{"taxonomy":"category","embeddable":true,"href":"https:\/\/multiblog.educacion.navarra.es\/jalcald1\/wp-json\/wp\/v2\/categories?post=1137"},{"taxonomy":"post_tag","embeddable":true,"href":"https:\/\/multiblog.educacion.navarra.es\/jalcald1\/wp-json\/wp\/v2\/tags?post=1137"}],"curies":[{"name":"wp","href":"https:\/\/api.w.org\/{rel}","templated":true}]}}