


{"id":1110,"date":"2018-06-25T12:29:53","date_gmt":"2018-06-25T11:29:53","guid":{"rendered":"http:\/\/multiblog.educacion.navarra.es\/jalcald1\/?p=1110"},"modified":"2018-06-25T13:41:38","modified_gmt":"2018-06-25T12:41:38","slug":"cajon-flamenco","status":"publish","type":"post","link":"https:\/\/multiblog.educacion.navarra.es\/jalcald1\/2018\/06\/25\/cajon-flamenco\/","title":{"rendered":"Caj\u00f3n flamenco"},"content":{"rendered":"<p><a href=\"https:\/\/cpazagra.educacion.navarra.es\/blogs\/?attachment_id=781\"><img loading=\"lazy\" class=\"aligncenter size-medium wp-image-781\" src=\"https:\/\/cpazagra.educacion.navarra.es\/blogs\/wp-content\/uploads\/2018\/05\/IMG_8489-300x225.jpg\" alt=\"\" width=\"300\" height=\"225\" \/><\/a><a href=\"https:\/\/cpazagra.educacion.navarra.es\/blogs\/?attachment_id=783\"><img loading=\"lazy\" class=\"aligncenter size-medium wp-image-783\" src=\"https:\/\/cpazagra.educacion.navarra.es\/blogs\/wp-content\/uploads\/2018\/05\/IMG_20180416_120548-300x225.jpg\" alt=\"\" width=\"300\" height=\"225\" \/><\/a><\/p>\n<p>Los alumnos del colegio han realizado una actividad propuesta por los SSBB de nuestra zona, para conocer e integrar diferentes elementos culturales presentes en nuestra sociedad.<\/p>\n<p>En este caso se trato el instrumento musical conocido como caj\u00f3n flamenco.<\/p>\n<p>En una entretenida charla y presentaci\u00f3n audiovisual, su conoci\u00f3 su origen africano, su posterior &#8220;viaje&#8221; a Am\u00e9rica, concretamente a Per\u00fa y su incorporaci\u00f3n a la cultura musical de nuestro pa\u00eds.<\/p>\n<p>A continuaci\u00f3n se pas\u00f3 a probar &#8220;in situ&#8221; los instrumentos, en el escenario y por \u00faltimo una libre actuaci\u00f3n de quienes quisieron seguir jugando con la m\u00fasica, en el patio.<\/p>\n<p>A todos les pareci\u00f3 una actividad divertida y entretenida, les gust\u00f3 much\u00edsimo.<\/p>\n<h3><span style=\"color: #0000ff\"><a style=\"color: #0000ff\" href=\"https:\/\/photos.app.goo.gl\/9DiOne6sOW4oSSp63\" target=\"_blank\" rel=\"noopener\">FOTOS 6\u00ba<\/a><\/span><\/h3>\n<p><iframe loading=\"lazy\" width=\"678\" height=\"381\" src=\"https:\/\/www.youtube.com\/embed\/4MiwBiIzNWY?feature=oembed\" frameborder=\"0\" allow=\"autoplay; encrypted-media\" allowfullscreen><\/iframe><\/p>\n<p>&nbsp;<\/p>\n<p><iframe loading=\"lazy\" width=\"678\" height=\"381\" src=\"https:\/\/www.youtube.com\/embed\/SC16JY2cwNw?feature=oembed\" frameborder=\"0\" allow=\"autoplay; encrypted-media\" allowfullscreen><\/iframe><\/p>\n<p><iframe loading=\"lazy\" width=\"678\" height=\"381\" src=\"https:\/\/www.youtube.com\/embed\/U_bDSm3PJFk?feature=oembed\" frameborder=\"0\" allow=\"autoplay; encrypted-media\" allowfullscreen><\/iframe><\/p>\n<p><iframe loading=\"lazy\" width=\"678\" height=\"381\" src=\"https:\/\/www.youtube.com\/embed\/FX43TwZcZXM?feature=oembed\" frameborder=\"0\" allow=\"autoplay; encrypted-media\" allowfullscreen><\/iframe><\/p>\n<p><iframe loading=\"lazy\" width=\"678\" height=\"381\" src=\"https:\/\/www.youtube.com\/embed\/dMg0Cfuyebc?feature=oembed\" frameborder=\"0\" allow=\"autoplay; encrypted-media\" allowfullscreen><\/iframe><\/p>\n<p>&nbsp;<\/p>\n<p><iframe loading=\"lazy\" width=\"678\" height=\"381\" src=\"https:\/\/www.youtube.com\/embed\/SywmVYEeuqs?feature=oembed\" frameborder=\"0\" allow=\"autoplay; encrypted-media\" allowfullscreen><\/iframe><\/p>\n<p><iframe loading=\"lazy\" width=\"678\" height=\"381\" src=\"https:\/\/www.youtube.com\/embed\/eW1sBJx54gc?feature=oembed\" frameborder=\"0\" allow=\"autoplay; encrypted-media\" allowfullscreen><\/iframe><\/p>\n<p><iframe loading=\"lazy\" width=\"678\" height=\"381\" src=\"https:\/\/www.youtube.com\/embed\/pAsYWdPI2Xo?feature=oembed\" frameborder=\"0\" allow=\"autoplay; encrypted-media\" allowfullscreen><\/iframe><\/p>\n","protected":false},"excerpt":{"rendered":"<p>Los alumnos del colegio han realizado una actividad propuesta por los SSBB de nuestra zona, para conocer e integrar diferentes elementos culturales presentes en nuestra sociedad. En este caso se <a class=\"more-link\" href=\"https:\/\/multiblog.educacion.navarra.es\/jalcald1\/2018\/06\/25\/cajon-flamenco\/\">Continuar leyendo &rarr;<\/a><\/p>\n","protected":false},"author":236,"featured_media":0,"comment_status":"open","ping_status":"open","sticky":false,"template":"","format":"standard","meta":[],"categories":[627],"tags":[],"_links":{"self":[{"href":"https:\/\/multiblog.educacion.navarra.es\/jalcald1\/wp-json\/wp\/v2\/posts\/1110"}],"collection":[{"href":"https:\/\/multiblog.educacion.navarra.es\/jalcald1\/wp-json\/wp\/v2\/posts"}],"about":[{"href":"https:\/\/multiblog.educacion.navarra.es\/jalcald1\/wp-json\/wp\/v2\/types\/post"}],"author":[{"embeddable":true,"href":"https:\/\/multiblog.educacion.navarra.es\/jalcald1\/wp-json\/wp\/v2\/users\/236"}],"replies":[{"embeddable":true,"href":"https:\/\/multiblog.educacion.navarra.es\/jalcald1\/wp-json\/wp\/v2\/comments?post=1110"}],"version-history":[{"count":0,"href":"https:\/\/multiblog.educacion.navarra.es\/jalcald1\/wp-json\/wp\/v2\/posts\/1110\/revisions"}],"wp:attachment":[{"href":"https:\/\/multiblog.educacion.navarra.es\/jalcald1\/wp-json\/wp\/v2\/media?parent=1110"}],"wp:term":[{"taxonomy":"category","embeddable":true,"href":"https:\/\/multiblog.educacion.navarra.es\/jalcald1\/wp-json\/wp\/v2\/categories?post=1110"},{"taxonomy":"post_tag","embeddable":true,"href":"https:\/\/multiblog.educacion.navarra.es\/jalcald1\/wp-json\/wp\/v2\/tags?post=1110"}],"curies":[{"name":"wp","href":"https:\/\/api.w.org\/{rel}","templated":true}]}}