


{"id":1043,"date":"2018-01-07T10:30:44","date_gmt":"2018-01-07T09:30:44","guid":{"rendered":"http:\/\/multiblog.educacion.navarra.es\/jalcald1\/?p=1043"},"modified":"2018-01-08T00:32:00","modified_gmt":"2018-01-07T23:32:00","slug":"semana-blanca-2018","status":"publish","type":"post","link":"https:\/\/multiblog.educacion.navarra.es\/jalcald1\/2018\/01\/07\/semana-blanca-2018\/","title":{"rendered":"Semana blanca 2018"},"content":{"rendered":"<p>Hola a todos y feliz a\u00f1o nuevo.<\/p>\n<p>Vamos a comenzar la semana de esqu\u00ed en Isaba y os pongo unos enlaces del hotel, la campa\u00f1a de esqu\u00ed, del tiempo&#8230;<\/p>\n<p><a title=\"\" href=\"http:\/\/www.hostal-lola.com\/\" target=\"_blank\" rel=\"noopener\">Hotel Lola<\/a><\/p>\n<p><a title=\"Gimkana del d\u00eda del maestro 2017\" href=\"http:\/\/multiblog.educacion.navarra.es\/jalcald1\/2017\/12\/11\/gimkana-del-dia-del-maestro-2017\/\" target=\"_blank\" rel=\"noopener\">Esqu\u00ed escolar<\/a><\/p>\n<p><a title=\"\" href=\"http:\/\/www.esquilarrabelagua.com\/estado-pistas\/\" target=\"_blank\" rel=\"noopener\">Estado de las pistas<\/a><\/p>\n<p><a title=\"\" href=\"https:\/\/www.infonieve.es\/estacion-fondo\/larra-belagua\/parte-de-nieve\/\" target=\"_blank\" rel=\"noopener\">Parte de Nieve<\/a><\/p>\n<p><a title=\"\" href=\"https:\/\/www.eltiempo.es\/isaba.html?q=isaba\" target=\"_blank\" rel=\"noopener\">Tiempo previsto<\/a><\/p>\n","protected":false},"excerpt":{"rendered":"<p>Hola a todos y feliz a\u00f1o nuevo. Vamos a comenzar la semana de esqu\u00ed en Isaba y os pongo unos enlaces del hotel, la campa\u00f1a de esqu\u00ed, del tiempo&#8230; Hotel <a class=\"more-link\" href=\"https:\/\/multiblog.educacion.navarra.es\/jalcald1\/2018\/01\/07\/semana-blanca-2018\/\">Continuar leyendo &rarr;<\/a><\/p>\n","protected":false},"author":236,"featured_media":0,"comment_status":"open","ping_status":"open","sticky":false,"template":"","format":"standard","meta":[],"categories":[627],"tags":[],"_links":{"self":[{"href":"https:\/\/multiblog.educacion.navarra.es\/jalcald1\/wp-json\/wp\/v2\/posts\/1043"}],"collection":[{"href":"https:\/\/multiblog.educacion.navarra.es\/jalcald1\/wp-json\/wp\/v2\/posts"}],"about":[{"href":"https:\/\/multiblog.educacion.navarra.es\/jalcald1\/wp-json\/wp\/v2\/types\/post"}],"author":[{"embeddable":true,"href":"https:\/\/multiblog.educacion.navarra.es\/jalcald1\/wp-json\/wp\/v2\/users\/236"}],"replies":[{"embeddable":true,"href":"https:\/\/multiblog.educacion.navarra.es\/jalcald1\/wp-json\/wp\/v2\/comments?post=1043"}],"version-history":[{"count":0,"href":"https:\/\/multiblog.educacion.navarra.es\/jalcald1\/wp-json\/wp\/v2\/posts\/1043\/revisions"}],"wp:attachment":[{"href":"https:\/\/multiblog.educacion.navarra.es\/jalcald1\/wp-json\/wp\/v2\/media?parent=1043"}],"wp:term":[{"taxonomy":"category","embeddable":true,"href":"https:\/\/multiblog.educacion.navarra.es\/jalcald1\/wp-json\/wp\/v2\/categories?post=1043"},{"taxonomy":"post_tag","embeddable":true,"href":"https:\/\/multiblog.educacion.navarra.es\/jalcald1\/wp-json\/wp\/v2\/tags?post=1043"}],"curies":[{"name":"wp","href":"https:\/\/api.w.org\/{rel}","templated":true}]}}